{"id":12694,"date":"2020-10-01T16:34:39","date_gmt":"2020-10-01T21:34:39","guid":{"rendered":"http:\/\/elobservatorio.com.mx\/?p=12694"},"modified":"2020-10-01T16:34:39","modified_gmt":"2020-10-01T21:34:39","slug":"asumen-rosa-carrillo-juan-ramirez-y-florencia-romano-consejerias-electorales-del-iee-colima","status":"publish","type":"post","link":"http:\/\/elobservatorio.com.mx\/?p=12694","title":{"rendered":"Asumen Rosa Carrillo, Juan Ram\u00edrez y Florencia Romano Consejer\u00edas Electorales del IEE Colima"},"content":{"rendered":"<p><em>*Las Consejeras Electorales y el Consejero Electoral se comprometieron a dar cumplimiento a los principios rectores de la funci\u00f3n electoral y a las leyes en la materia, as\u00ed como a contribuir a tener procesos electorales fortalecidos y ejemplares en beneficio de la ciudadan\u00eda colimense.\u00a0\u00a0\u00a0 <\/em><\/p>\n<p><strong>\u00a0<\/strong>La Consejera Presidenta del Instituto Electoral del Estado de Colima, Nirvana Fabiola Rosales Ochoa; les tom\u00f3 protesta a Rosa Elizabeth Carrillo Ruiz, a Juan Ram\u00edrez Ramos y a Ana Florencia Romano S\u00e1nchez, como Consejeras Electorales y Consejero Electoral de este organismo electoral local; luego de que ayer mi\u00e9rcoles fueran designadas y designado por el Consejo General del Instituto Nacional Electoral (INE) para el periodo 2020-2027.<\/p>\n<p>Durante la Trig\u00e9sima S\u00e9ptima Sesi\u00f3n Extraordinaria del Periodo Interproceso 2018-2020, celebrada este jueves 01 de octubre, las y el nuevo integrante del m\u00e1ximo \u00f3rgano de direcci\u00f3n emitieron un mensaje por separando, coincidiendo en su compromiso con la ciudadan\u00eda colimense para consolidar la democracia, asegurando que dar\u00e1n cumplimiento a los principios rectores de la funci\u00f3n electoral y su actuar ser\u00e1 en apego a la legislaci\u00f3n en la materia.<\/p>\n<p>Rosa Elizabeth Carrillo mencion\u00f3 que a partir de este d\u00eda inicia una encomienda importante, sum\u00e1ndose con entusiasmo al gran profesionalismo y trabajo en equipo \u201cque los ha caracterizado. Tengan en m\u00ed\u00a0 a una servidora m\u00e1s para aportar ideas, conocimientos, para escuchar y dialogar, para tomar decisiones y lograr consensos\u201d.<\/p>\n<p>\u201cDesde hoy les digo que soy una persona que cree en las instituciones, que cree en los institutos pol\u00edticos, pero sobre todo creo en la ciudadan\u00eda. Quiero que el pueblo colimense valore y reconozca mi esp\u00edritu de servir y, adem\u00e1s, quiero que me sienta como lo que soy, como una m\u00e1s de ellas y ellos, una ciudadana que exige democracia, que exige el respeto de sus derechos, que cree en el voto y que cree en M\u00e9xico.\u201d<\/p>\n<p>Mientras, Juan Ram\u00edrez anot\u00f3 que estar\u00e1 defendiendo valores y principios rectores, convencido que el escalonamiento de los integrantes del Consejo General ha sido una herramienta muy poderosa para darle estabilidad a la administraci\u00f3n electoral y para fortalecer la legalidad de los procesos electorales a cargo de este organismo, dijo.<\/p>\n<p>\u201cQuienes protestamos defender la Constituci\u00f3n Pol\u00edtica, tenemos el deber de garantizar las libertades y decisiones, fortalecer los avances democr\u00e1ticos, privilegiar los acuerdos y mantener la tolerancia ante las diferencias y las opiniones diversas, tenemos el deber de consensar trabajando incansablemente en la construcci\u00f3n de nuestra democracia\u201d, agreg\u00f3.<\/p>\n<p>Al hacer uso de la voz, Ana Florencia Romano manifest\u00f3 que la encomienda que se les ha otorgado es may\u00fascula y requiere de un gran esfuerzo colegiado entre los integrantes, m\u00e1s ahora que est\u00e1 por iniciar \u201cuno de los procesos electorales de mayor magnitud, aunado a la complejidad que la pandemia represente\u201d.<\/p>\n<p>Ante tal escenario, subray\u00f3, \u201ces pertinente que sumemos fuerzas y trabajemos en equipo para lograr un proceso exitoso. Que los retos que enfrentemos como \u00f3rgano encargado de organizar las elecciones sean afrontados con profesionalismo, templanza y apertura al di\u00e1logo pluralista. Asumo el compromiso de trabajar con apego a los principios rectores de la materia electoral y de abonar al fortalecimientos de la democracia en nuestro estado.\u201d<\/p>\n<p>Por su parte la Consejera Presidenta del IEE, Nirvana Rosales; las Consejeras Electorales, Martha Elba Iza Huerta y Arlen Alejandra Mart\u00ednez Fuentes; el Consejero Electoral, Javier \u00c1vila Carrillo; y el Secretario Ejecutivo, \u00d3scar Omar Espinoza; as\u00ed como las representaciones de los Partidos Pol\u00edticos, dieron la bienvenida a las y al nuevo integrante del Consejo General.<\/p>\n<p>Rosa Elizabeth Carrillo Ru\u00edz es licenciada en Derecho, previo a su designaci\u00f3n como Consejera Electoral se desempe\u00f1aba como Directora Jur\u00eddica del \u00f3rgano electoral local; Juan Ram\u00edrez Ramos es Maestro en Instituciones y Procedimientos Electorales y fung\u00eda como Vocal Ejecutivo de la Junta Distrital Ejecutiva 01 del INE en Colima; Ana Florencia Romano S\u00e1nchez es Doctora en Ciencias Administrativas y Negocios Institucionales, trabajaba como catedr\u00e1tica y Consejera Electoral del Consejo Municipal de Manzanillo.<\/p>\n","protected":false},"excerpt":{"rendered":"<p>*Las Consejeras Electorales y el Consejero Electoral se comprometieron a dar cumplimiento a los principios rectores de la funci\u00f3n electoral y a las leyes en la materia, as\u00ed como a contribuir a tener procesos electorales fortalecidos y ejemplares en beneficio de la ciudadan\u00eda colimense.\u00a0\u00a0\u00a0 \u00a0La Consejera Presidenta del Instituto Electoral del Estado de Colima, Nirvana&#8230;<\/p>\n","protected":false},"author":2,"featured_media":12695,"comment_status":"open","ping_status":"open","sticky":false,"template":"","format":"standard","meta":{"footnotes":""},"categories":[10],"tags":[29,30,28],"class_list":["post-12694","post","type-post","status-publish","format-standard","has-post-thumbnail","hentry","category-politica","tag-grid","tag-news","tag-slider"],"_links":{"self":[{"href":"http:\/\/elobservatorio.com.mx\/index.php?rest_route=\/wp\/v2\/posts\/12694"}],"collection":[{"href":"http:\/\/elobservatorio.com.mx\/index.php?rest_route=\/wp\/v2\/posts"}],"about":[{"href":"http:\/\/elobservatorio.com.mx\/index.php?rest_route=\/wp\/v2\/types\/post"}],"author":[{"embeddable":true,"href":"http:\/\/elobservatorio.com.mx\/index.php?rest_route=\/wp\/v2\/users\/2"}],"replies":[{"embeddable":true,"href":"http:\/\/elobservatorio.com.mx\/index.php?rest_route=%2Fwp%2Fv2%2Fcomments&post=12694"}],"version-history":[{"count":0,"href":"http:\/\/elobservatorio.com.mx\/index.php?rest_route=\/wp\/v2\/posts\/12694\/revisions"}],"wp:featuredmedia":[{"embeddable":true,"href":"http:\/\/elobservatorio.com.mx\/index.php?rest_route=\/wp\/v2\/media\/12695"}],"wp:attachment":[{"href":"http:\/\/elobservatorio.com.mx\/index.php?rest_route=%2Fwp%2Fv2%2Fmedia&parent=12694"}],"wp:term":[{"taxonomy":"category","embeddable":true,"href":"http:\/\/elobservatorio.com.mx\/index.php?rest_route=%2Fwp%2Fv2%2Fcategories&post=12694"},{"taxonomy":"post_tag","embeddable":true,"href":"http:\/\/elobservatorio.com.mx\/index.php?rest_route=%2Fwp%2Fv2%2Ftags&post=12694"}],"curies":[{"name":"wp","href":"https:\/\/api.w.org\/{rel}","templated":true}]}}