{"id":12707,"date":"2020-10-02T14:17:45","date_gmt":"2020-10-02T19:17:45","guid":{"rendered":"http:\/\/elobservatorio.com.mx\/?p=12707"},"modified":"2020-10-02T14:17:45","modified_gmt":"2020-10-02T19:17:45","slug":"asiste-rector-eduardo-hernandez-a-v-informe-de-gobierno-de-ignacio-peralta","status":"publish","type":"post","link":"http:\/\/elobservatorio.com.mx\/?p=12707","title":{"rendered":"Asiste rector Eduardo Hern\u00e1ndez a V informe de gobierno de Ignacio Peralta"},"content":{"rendered":"<p>Este jueves al mediod\u00eda, el rector Jos\u00e9 Eduardo Hern\u00e1ndez Nava, en nombre de la comunidad universitaria, asisti\u00f3 como invitado especial a la entrega que el gobernador Jos\u00e9 Ignacio Peralta S\u00e1nchez hizo del V Informe de Gobierno al H. Congreso del Estado.<\/p>\n<p>&nbsp;<\/p>\n","protected":false},"excerpt":{"rendered":"<p>Este jueves al mediod\u00eda, el rector Jos\u00e9 Eduardo Hern\u00e1ndez Nava, en nombre de la comunidad universitaria, asisti\u00f3 como invitado especial a la entrega que el gobernador Jos\u00e9 Ignacio Peralta S\u00e1nchez hizo del V Informe de Gobierno al H. Congreso del Estado. &nbsp;<\/p>\n","protected":false},"author":2,"featured_media":12708,"comment_status":"open","ping_status":"open","sticky":false,"template":"","format":"standard","meta":{"footnotes":""},"categories":[19],"tags":[29,30,28],"class_list":["post-12707","post","type-post","status-publish","format-standard","has-post-thumbnail","hentry","category-fotonotas","tag-grid","tag-news","tag-slider"],"_links":{"self":[{"href":"http:\/\/elobservatorio.com.mx\/index.php?rest_route=\/wp\/v2\/posts\/12707"}],"collection":[{"href":"http:\/\/elobservatorio.com.mx\/index.php?rest_route=\/wp\/v2\/posts"}],"about":[{"href":"http:\/\/elobservatorio.com.mx\/index.php?rest_route=\/wp\/v2\/types\/post"}],"author":[{"embeddable":true,"href":"http:\/\/elobservatorio.com.mx\/index.php?rest_route=\/wp\/v2\/users\/2"}],"replies":[{"embeddable":true,"href":"http:\/\/elobservatorio.com.mx\/index.php?rest_route=%2Fwp%2Fv2%2Fcomments&post=12707"}],"version-history":[{"count":0,"href":"http:\/\/elobservatorio.com.mx\/index.php?rest_route=\/wp\/v2\/posts\/12707\/revisions"}],"wp:featuredmedia":[{"embeddable":true,"href":"http:\/\/elobservatorio.com.mx\/index.php?rest_route=\/wp\/v2\/media\/12708"}],"wp:attachment":[{"href":"http:\/\/elobservatorio.com.mx\/index.php?rest_route=%2Fwp%2Fv2%2Fmedia&parent=12707"}],"wp:term":[{"taxonomy":"category","embeddable":true,"href":"http:\/\/elobservatorio.com.mx\/index.php?rest_route=%2Fwp%2Fv2%2Fcategories&post=12707"},{"taxonomy":"post_tag","embeddable":true,"href":"http:\/\/elobservatorio.com.mx\/index.php?rest_route=%2Fwp%2Fv2%2Ftags&post=12707"}],"curies":[{"name":"wp","href":"https:\/\/api.w.org\/{rel}","templated":true}]}}