{"id":12710,"date":"2020-10-02T14:34:58","date_gmt":"2020-10-02T19:34:58","guid":{"rendered":"http:\/\/elobservatorio.com.mx\/?p=12710"},"modified":"2020-10-02T14:34:58","modified_gmt":"2020-10-02T19:34:58","slug":"que-representa-el-frenaa","status":"publish","type":"post","link":"http:\/\/elobservatorio.com.mx\/?p=12710","title":{"rendered":"\u00bfQu\u00e9 representa el Frenaa?"},"content":{"rendered":"<p><strong>Carlos Ramiro Vargas<\/strong><\/p>\n<p><strong>\u00a0<\/strong>Ante el surgimiento de la coalici\u00f3n de gobernadores cr\u00edticos del presidente AMLO, denominada Alianza Federalista por M\u00e9xico mejor conocida como Frente Anti Amlo, o FRENAA, -que empez\u00f3 con seis mandatarios estatales, luego siete con Ignacio Peralta de Colima, despu\u00e9s 10 y ahora 15-, la reacci\u00f3n de los dirigentes de Morena tanto a nivel nacional como local, ha sido la de la descalificaci\u00f3n absoluta a esta uni\u00f3n pol\u00edtica nacida en mayo del 2020, reclamando cambios en la pol\u00edtica del gobierno federal ante la Pandemia del Covid 19, pidiendo con ello cinco por ciento del PIB mexicano para enfrentar esta in\u00e9dita epidemia desde y para sus entidades, una pol\u00edtica fiscal m\u00e1s justa que permita replantear el pacto federal con el gobierno central, as\u00ed como haciendo una oposici\u00f3n frontal a la pol\u00edtica energ\u00e9tica L\u00f3pez Obradorista al reclamar mayor apertura para la implantaci\u00f3n de energ\u00edas alternativas en nuestra naci\u00f3n, como la solar y la e\u00f3lica frente a las obsoletas CFE y Pemex, \u00e9sta \u00faltima muy dependiente de los residuos f\u00f3siles altamente contaminantes, para ser vigente en el mercado global energ\u00e9tico.<\/p>\n<p>De reaccionarios enemigos del pueblo no los bajaba Indira Vizca\u00edno, coordinadora de programas asistenciales del gobierno federal en Colima, en la muy totalitarizada y prostituida prensa colimota, y adjetivos similares les espetaba ya desde fines de mayo, la m\u00e1s pri\u00edsta de los morenistas locales, la diputada federal Claudia Y\u00e1\u00f1ez, -ambas enfrentadas a muerte por ser candidatas a la gubernatura de Colima en el 2021-, as\u00ed como el diputado local, Vladimir Parra, bueno nada m\u00e1s para repetir como perico lo que dice AMLO, entre otros.<\/p>\n<p>Pero la verdad, m\u00e1s all\u00e1 de los adjetivos y de la intolerancia may\u00fascula mostrada por Morena y sus perredizadas\/sectarias dirigencias en el pa\u00eds, hacia la m\u00e1s m\u00ednima y sana cr\u00edtica\u00a0 hacia los errores graves del presidente Andr\u00e9s Manuel y a sus allegados; la Alianza Federalista por M\u00e9xico merece ser tratada con toda objetividad, analizando qu\u00e9 fuerzas representa y por qu\u00e9, en t\u00e9rminos pol\u00edticos, en t\u00e9rminos econ\u00f3micos, y en t\u00e9rminos de proyecci\u00f3n hacia el 2021, a\u00f1o de elecciones que definir\u00e1 la composici\u00f3n federal de la c\u00e1mara de diputados, y a\u00f1o de elecciones generales en el estado de Colima.<\/p>\n<p>Recordemos entonces que los gobernadores fundadores de la Alianza Federalista por M\u00e9xico, AFM, fueron Silvano Aureoles de Michoac\u00e1n, PRD, C\u00e1beza de Vaca, Tamaulipas, PAN, Aispuro de Durango, PAN, el bronco, Jos\u00e9 Lu\u00eds Rodr\u00edguez, Nuevo Le\u00f3n, independiente, as\u00ed como Enrique Alfaro Ram\u00edrez, Jalisco, MC, grupo inicial al que se agreg\u00f3 o col\u00f3 Ignacio Peralta S\u00e1nchez, Colima, del PRI.<\/p>\n<p>Ahora bien, mientras seg\u00fan la \u00faltima medici\u00f3n de Consulta Mitosky, Peralta tiene la aprobaci\u00f3n del 30 por ciento de los colimenses, el segundo peor gobernador de todo M\u00e9xico,\u00a0 -y se me hace mucho-, el gobernador Mauricio Vila, de Quintana Roo cuenta con el 70 por ciento, -el mejor mandatario estatal a nivel nacional, 2020-, mientras los gobernadores ya referidos de Quer\u00e9taro, BCS, Coahuila, -quien ha hecho aportes muy interesantes en materia de Seguridad en la regi\u00f3n inter\/estatal de La Laguna-, Quintana Roo, Jalisco, Durango, Chihuahua, Aguascalientes, est\u00e1n ubicados entre los mejores mandatarios estatales.<\/p>\n<p>Para fines de mayo el reclamo inicial de este grupo fue el de la Reforma al Pacto Federal, para que sus \u00a0entidades tuviesen mayor parte en la recaudaci\u00f3n de Hacienda, a nivel federal. Ignacio Peralta lleg\u00f3 a enunciar al respecto, que del Puerto de Manzanillo el estado y gobierno de Colima no recib\u00edan pr\u00e1cticamente nada, pues s\u00f3lo por ingresos fiscales a la API portuaria, o Administraci\u00f3n del puerto colimense, hoy en manos del almirantazgo militar mexicano, entraban a las arcas del gobierno federal algo as\u00ed como 130 mil millones de pesos, mdp. En los \u00faltimos a\u00f1os.<\/p>\n<p>Dada la caracter\u00edstica servil y borreguna hacia el discurso y acciones de AMLO presidente; la izquierda morenista estatal no fue capaz de retomar este tema del que depender\u00e1 en el futuro, financiera dada la quiebra de las arcas gubernamentales peraltista, la viabilidad del estado de Colima dada su debilidad productiva, pues con todo y el puerto de Manzanillo el estado de Colima aporta a la econom\u00eda nacional, menos del uno por ciento del PIB federal.<\/p>\n<p>Serio problema de fondo, de estructura geo pol\u00edtica y financiera estatal, al que a ninguno de los actuales aspirantes a la gubernatura, parece importarles.<\/p>\n<p>Ya para el 26 de junio se un\u00eda a la AFM, el gobernador de Chihuahua, Javier Corral, uno de los m\u00e1s \u00edntegros y valiosos pol\u00edticos mexicanos y no s\u00f3lo panista, en nuestro pa\u00eds.<\/p>\n<p>Casi al mismo tiempo que Diego Sinhue, gobernador albi azul del estado de Guanajuato, con lo que la AFM sumaba a nueve entidades.<\/p>\n<p>A inicios de septiembre el gobernador de Aguascalientes, Mart\u00edn Orozco Sandoval, PAN, aceptaba ser parte del FRANAA, y declaraba su apoyo a la salida de la AFM de la Conferencia Nacional de Gobernadores, Conago, lo que le abr\u00eda un boquete enorme a esta Comunidad de los 32 gobernadores mexicanos, medida que posteriormente fue apoyada por los gobernadores de BCS, Carlos Mendoza, el de Quer\u00e9taro, Francisco Dom\u00ednguez, Yucat\u00e1n, Mauricio Vila Dosal, as\u00ed como el mandatario de Quintana Roo, J Gonz\u00e1lez; todos ellos del PAN.<\/p>\n<p>En los \u00faltimos d\u00edas el gobernador de SLP, PRI, tambi\u00e9n se une a la AFM. Sumando 15 entidades.<\/p>\n<p>Y m\u00e1s all\u00e1 de los adjetivos espetados por los dirigentes morenistas y el mismo presidente AMLO, en t\u00e9rminos econ\u00f3micos todos juntos, representan casi el 45 por ciento del PIB nacional.<\/p>\n<p>Cuando el PIB nacional, es \u00a0de dos trillones y 700 mil millones de d\u00f3lares si calculamos el PIB de acuerdo al concepto de PPA, o un trill\u00f3n y medio de euros. Para el 2019.<\/p>\n<p>Considerando que s\u00f3lo entre Jalisco y Nuevo Le\u00f3n se genera el 15 por ciento de toda la econom\u00eda nacional, ligeramente arriba el segundo estado respecto al primero, Michoac\u00e1n el 2.5 por ciento, mientras Colima con todo y el puerto de Manzanillo aporta nada m\u00e1s el 0.6 del PIB.<\/p>\n<p>Entonces la AFM es una alianza pluripartidista con aportes muy valiosos de la mayor\u00eda de estos gobernadores, a sus entidades y a la naci\u00f3n toda.<\/p>\n<p>Que econ\u00f3micamente hablando ya representa casi la mitad de toda la econom\u00eda nacional, en recesi\u00f3n profunda con atisbos lentos de recuperaci\u00f3n de aqu\u00ed a diez a\u00f1os, debido en parte importante a la miop\u00eda y cuadradez fuera de toda proporci\u00f3n del presidente AMLO, y su gabinete respecto al Covid, y su impacto a corto mediano y largo plazo en la econom\u00eda nacional.<\/p>\n<p>Afirmo esto desde la izquierda Racional y Humanista, y a\u00fan con todo, las principales reivindicaciones de la AMF, deben de considerarse con toda seriedad.<\/p>\n<p>En el \u00e1mbito ecol\u00f3gico\/energ\u00e9tico, en el de la Reconfiguraci\u00f3n del Pacto Federal, en el de un enfoque m\u00e1s racional en cuestiones sanitarias y del Covid 19, en el muy relevante problema de las presas en Chihuahua, pues es inconcebible que se trate de delincuentes al movimiento campesino norte\u00f1o mientras a los estalinistas\/mao\u00edstas de la CNTE en Guerrero y Michoac\u00e1n, se les permiten da\u00f1os por miles de millones de pesos a la infraestructura ferroviaria y de caminos y en la obstrucci\u00f3n de tr\u00e1ileres y flujo comercial desde el Norte y Centro de M\u00e9xico a los Estados Unidos\u2026<\/p>\n<p><em>Carlos Ramiro Vargas. Stockholm. Sweden. 2 de octubre No se Olvida. 2020..<\/em><\/p>\n<p>&nbsp;<\/p>\n<p>&nbsp;<\/p>\n<p>&nbsp;<\/p>\n<p>&nbsp;<\/p>\n<p>&nbsp;<\/p>\n<p>&nbsp;<\/p>\n<p>&nbsp;<\/p>\n<p>&nbsp;<\/p>\n<p>&nbsp;<\/p>\n<p>&nbsp;<\/p>\n<p>&nbsp;<\/p>\n","protected":false},"excerpt":{"rendered":"<p>Carlos Ramiro Vargas \u00a0Ante el surgimiento de la coalici\u00f3n de gobernadores cr\u00edticos del presidente AMLO, denominada Alianza Federalista por M\u00e9xico mejor conocida como Frente Anti Amlo, o FRENAA, -que empez\u00f3 con seis mandatarios estatales, luego siete con Ignacio Peralta de Colima, despu\u00e9s 10 y ahora 15-, la reacci\u00f3n de los dirigentes de Morena tanto a&#8230;<\/p>\n","protected":false},"author":2,"featured_media":6370,"comment_status":"open","ping_status":"open","sticky":false,"template":"","format":"standard","meta":{"footnotes":""},"categories":[11],"tags":[29,30,28],"class_list":["post-12710","post","type-post","status-publish","format-standard","has-post-thumbnail","hentry","category-opinion","tag-grid","tag-news","tag-slider"],"_links":{"self":[{"href":"http:\/\/elobservatorio.com.mx\/index.php?rest_route=\/wp\/v2\/posts\/12710"}],"collection":[{"href":"http:\/\/elobservatorio.com.mx\/index.php?rest_route=\/wp\/v2\/posts"}],"about":[{"href":"http:\/\/elobservatorio.com.mx\/index.php?rest_route=\/wp\/v2\/types\/post"}],"author":[{"embeddable":true,"href":"http:\/\/elobservatorio.com.mx\/index.php?rest_route=\/wp\/v2\/users\/2"}],"replies":[{"embeddable":true,"href":"http:\/\/elobservatorio.com.mx\/index.php?rest_route=%2Fwp%2Fv2%2Fcomments&post=12710"}],"version-history":[{"count":0,"href":"http:\/\/elobservatorio.com.mx\/index.php?rest_route=\/wp\/v2\/posts\/12710\/revisions"}],"wp:featuredmedia":[{"embeddable":true,"href":"http:\/\/elobservatorio.com.mx\/index.php?rest_route=\/wp\/v2\/media\/6370"}],"wp:attachment":[{"href":"http:\/\/elobservatorio.com.mx\/index.php?rest_route=%2Fwp%2Fv2%2Fmedia&parent=12710"}],"wp:term":[{"taxonomy":"category","embeddable":true,"href":"http:\/\/elobservatorio.com.mx\/index.php?rest_route=%2Fwp%2Fv2%2Fcategories&post=12710"},{"taxonomy":"post_tag","embeddable":true,"href":"http:\/\/elobservatorio.com.mx\/index.php?rest_route=%2Fwp%2Fv2%2Ftags&post=12710"}],"curies":[{"name":"wp","href":"https:\/\/api.w.org\/{rel}","templated":true}]}}