{"id":12746,"date":"2020-10-05T23:59:05","date_gmt":"2020-10-06T04:59:05","guid":{"rendered":"http:\/\/elobservatorio.com.mx\/?p=12746"},"modified":"2020-10-05T23:59:05","modified_gmt":"2020-10-06T04:59:05","slug":"aumenta-atencion-por-sospecha-de-covid-19","status":"publish","type":"post","link":"http:\/\/elobservatorio.com.mx\/?p=12746","title":{"rendered":"Aumenta atenci\u00f3n por sospecha de Covid-19"},"content":{"rendered":"<p class=\"x_MsoNormal\">La titular de la Secretar\u00eda de Salud y Bienestar Social del Gobierno del Estado, Leticia Delgado Carrillo, se\u00f1al\u00f3 que por los casos acumulados se detecta un incremento de la demanda de atenci\u00f3n por sospecha de Covid-19, toda vez que en la semana previa se estudiaron a 454 colimenses y en esta semana pasada se estudiaron a 682.<\/p>\n<p class=\"x_MsoNormal\">En la rueda de prensa que ofrece diario en vivo, Delgado Carrillo, dijo que el equipo coordinador considera que este aumento en la demanda del testeo puede responder a que, ante el incremento de casos, se genere mayor temor sobre la necesidad de acudir a realizarse la prueba.<\/p>\n<p class=\"x_MsoNormal\">Agreg\u00f3 que si las personas tienen s\u00edntomas de la enfermedad tienen que llamar al 800DESALUD (800 33 725 83) para que reciban las instrucciones a seguir o acudir al filtro en el Hospital Regional Universitario o a los generales en Tecom\u00e1n y Manzanillo, a fin de que reciban valoraci\u00f3n previa y se determine si se ocupa o no la prueba.<\/p>\n<p class=\"x_MsoNormal\">En este sentido, indic\u00f3 que el signo de alarma es la dificultad respiratoria, y si ocurre esto, de inmediato hay que acudir a la unidad hospitalaria correspondiente.<\/p>\n<p class=\"x_MsoNormal\">Reiter\u00f3 que la mejor medida\u00a0 es poner en pr\u00e1ctica las medidas de prevenci\u00f3n: protegerse en casa el mayor tiempo posible, utilizar correctamente el cubrebocas si salen por alguna actividad esencial, mantener en v\u00eda p\u00fablica la sana distancia y lavarse con frecuencia las manos con agua y jab\u00f3n o gel alcoholado al 70 %.<\/p>\n<p class=\"x_MsoNormal\">La titular de la Secretar\u00eda de Salud coment\u00f3 que luego de usar el cubrebocas en la v\u00eda p\u00fablica, las personas regresan a casa y dejan de atenderse las medidas de protecci\u00f3n; lo mismo sucede en las oficinas y pasillos.<\/p>\n<p class=\"x_MsoNormal\">Lo anterior, al referir que un estudio reciente realizado en un pa\u00eds donde el rebote del Covid-19 ha puesto en alarma nuevamente a las autoridades y a la poblaci\u00f3n, se\u00f1ala que se ha detectado la transmisi\u00f3n del SARS-CoV-2 en las reuniones familiares.<\/p>\n","protected":false},"excerpt":{"rendered":"<p>La titular de la Secretar\u00eda de Salud y Bienestar Social del Gobierno del Estado, Leticia Delgado Carrillo, se\u00f1al\u00f3 que por los casos acumulados se detecta un incremento de la demanda de atenci\u00f3n por sospecha de Covid-19, toda vez que en la semana previa se estudiaron a 454 colimenses y en esta semana pasada se estudiaron&#8230;<\/p>\n","protected":false},"author":2,"featured_media":12747,"comment_status":"open","ping_status":"open","sticky":false,"template":"","format":"standard","meta":{"footnotes":""},"categories":[9],"tags":[29,30,28],"class_list":["post-12746","post","type-post","status-publish","format-standard","has-post-thumbnail","hentry","category-agro-y-salud","tag-grid","tag-news","tag-slider"],"_links":{"self":[{"href":"http:\/\/elobservatorio.com.mx\/index.php?rest_route=\/wp\/v2\/posts\/12746"}],"collection":[{"href":"http:\/\/elobservatorio.com.mx\/index.php?rest_route=\/wp\/v2\/posts"}],"about":[{"href":"http:\/\/elobservatorio.com.mx\/index.php?rest_route=\/wp\/v2\/types\/post"}],"author":[{"embeddable":true,"href":"http:\/\/elobservatorio.com.mx\/index.php?rest_route=\/wp\/v2\/users\/2"}],"replies":[{"embeddable":true,"href":"http:\/\/elobservatorio.com.mx\/index.php?rest_route=%2Fwp%2Fv2%2Fcomments&post=12746"}],"version-history":[{"count":0,"href":"http:\/\/elobservatorio.com.mx\/index.php?rest_route=\/wp\/v2\/posts\/12746\/revisions"}],"wp:featuredmedia":[{"embeddable":true,"href":"http:\/\/elobservatorio.com.mx\/index.php?rest_route=\/wp\/v2\/media\/12747"}],"wp:attachment":[{"href":"http:\/\/elobservatorio.com.mx\/index.php?rest_route=%2Fwp%2Fv2%2Fmedia&parent=12746"}],"wp:term":[{"taxonomy":"category","embeddable":true,"href":"http:\/\/elobservatorio.com.mx\/index.php?rest_route=%2Fwp%2Fv2%2Fcategories&post=12746"},{"taxonomy":"post_tag","embeddable":true,"href":"http:\/\/elobservatorio.com.mx\/index.php?rest_route=%2Fwp%2Fv2%2Ftags&post=12746"}],"curies":[{"name":"wp","href":"https:\/\/api.w.org\/{rel}","templated":true}]}}