{"id":12749,"date":"2020-10-06T12:04:37","date_gmt":"2020-10-06T17:04:37","guid":{"rendered":"http:\/\/elobservatorio.com.mx\/?p=12749"},"modified":"2020-10-06T12:04:37","modified_gmt":"2020-10-06T17:04:37","slug":"lamentable-que-autoridad-municipal-no-haga-caso-a-los-tecomenses-noe-pinto","status":"publish","type":"post","link":"http:\/\/elobservatorio.com.mx\/?p=12749","title":{"rendered":"Lamentable que autoridad municipal no haga caso a los tecomenses: No\u00e9 Pinto"},"content":{"rendered":"<p><em>* Tecom\u00e1n tambi\u00e9n tiene su tramo de la muerte<\/em><\/p>\n<p>El tecomense No\u00e9 Pinto de los Santos lament\u00f3 que, los habitantes de Cofrad\u00eda de Morelos, tengan que tomar determinaciones extremas como el bloquear la carretera Cerro de Ortega para que autoridades municipales les hagan caso.<\/p>\n<p>Se\u00f1al\u00f3 que, la carretera Tecom\u00e1n- Cerro de Ortega, en el tramo que comprende la cinta asf\u00e1ltica de Tecom\u00e1n a Cofrad\u00eda de Morelos, lamentablemente se le ha denominado el \u201cTRAMO DE LA MUERTE\u201d, ya que se han ocasionado numerosos accidentes carreteros, esto derivado a los m\u00faltiples baches y desperfectos que mantiene dicha carretera, aunado a ellos, la falta de se\u00f1alizaciones viales e iluminaci\u00f3n.<\/p>\n<p>En este tramo carretero, dijo, se observan los m\u00faltiples baches, se inunda constantemente la carpeta debido al terreno fangoso por considerarse unas tierras que tiene mucha humedad el subsuelo.<\/p>\n<p>Agreg\u00f3 que por esta v\u00eda transitan diario m\u00e1s 300 tr\u00e1ileres que transportan mineral de Michoac\u00e1n a unas empresas ubicadas en el municipio iguanero y eso afecta considerablemente la carretera.<\/p>\n<p>No\u00e9 Pinto se\u00f1al\u00f3 que, las autoridades federales, estatales y municipales, deben de buscar una soluci\u00f3n a esta problem\u00e1tica que aqueja a todos los productores, campesinos, ejidatarios, comerciantes, pobladores tanto de Tecom\u00e1n como los que vienen del vecino estado de Michoac\u00e1n.<\/p>\n<p>\u201cDichas autoridades deber\u00edan de poner mucha atenci\u00f3n a esta queja tan sentida de habitantes de la cabecera municipal, cofrad\u00eda de Morelos, Cerro de Ortega, el Saucito, Chanchopa, Cofrad\u00eda de Hidalgo, Coahuayana y Aquila Michoac\u00e1n, las cuales son afectadas porque a diario transitan por \u201cel tramo de la muerte\u201d, arriesgando sus vidas o poniendo en riesgo las vidas otras personas que se transportan en motocicletas o bicicletas\u201d, subray\u00f3 finalmente.<\/p>\n","protected":false},"excerpt":{"rendered":"<p>* Tecom\u00e1n tambi\u00e9n tiene su tramo de la muerte El tecomense No\u00e9 Pinto de los Santos lament\u00f3 que, los habitantes de Cofrad\u00eda de Morelos, tengan que tomar determinaciones extremas como el bloquear la carretera Cerro de Ortega para que autoridades municipales les hagan caso. Se\u00f1al\u00f3 que, la carretera Tecom\u00e1n- Cerro de Ortega, en el tramo&#8230;<\/p>\n","protected":false},"author":2,"featured_media":11909,"comment_status":"open","ping_status":"open","sticky":false,"template":"","format":"standard","meta":{"footnotes":""},"categories":[8,34],"tags":[29,30,28],"class_list":["post-12749","post","type-post","status-publish","format-standard","has-post-thumbnail","hentry","category-municipios","category-tecoman","tag-grid","tag-news","tag-slider"],"_links":{"self":[{"href":"http:\/\/elobservatorio.com.mx\/index.php?rest_route=\/wp\/v2\/posts\/12749"}],"collection":[{"href":"http:\/\/elobservatorio.com.mx\/index.php?rest_route=\/wp\/v2\/posts"}],"about":[{"href":"http:\/\/elobservatorio.com.mx\/index.php?rest_route=\/wp\/v2\/types\/post"}],"author":[{"embeddable":true,"href":"http:\/\/elobservatorio.com.mx\/index.php?rest_route=\/wp\/v2\/users\/2"}],"replies":[{"embeddable":true,"href":"http:\/\/elobservatorio.com.mx\/index.php?rest_route=%2Fwp%2Fv2%2Fcomments&post=12749"}],"version-history":[{"count":0,"href":"http:\/\/elobservatorio.com.mx\/index.php?rest_route=\/wp\/v2\/posts\/12749\/revisions"}],"wp:featuredmedia":[{"embeddable":true,"href":"http:\/\/elobservatorio.com.mx\/index.php?rest_route=\/wp\/v2\/media\/11909"}],"wp:attachment":[{"href":"http:\/\/elobservatorio.com.mx\/index.php?rest_route=%2Fwp%2Fv2%2Fmedia&parent=12749"}],"wp:term":[{"taxonomy":"category","embeddable":true,"href":"http:\/\/elobservatorio.com.mx\/index.php?rest_route=%2Fwp%2Fv2%2Fcategories&post=12749"},{"taxonomy":"post_tag","embeddable":true,"href":"http:\/\/elobservatorio.com.mx\/index.php?rest_route=%2Fwp%2Fv2%2Ftags&post=12749"}],"curies":[{"name":"wp","href":"https:\/\/api.w.org\/{rel}","templated":true}]}}