{"id":12856,"date":"2020-10-10T18:49:54","date_gmt":"2020-10-10T23:49:54","guid":{"rendered":"http:\/\/elobservatorio.com.mx\/?p=12856"},"modified":"2020-10-10T18:49:54","modified_gmt":"2020-10-10T23:49:54","slug":"debe-legislarse-la-salud-mental-en-el-estado-y-en-todo-el-pais-enrique-puga","status":"publish","type":"post","link":"http:\/\/elobservatorio.com.mx\/?p=12856","title":{"rendered":"Debe Legislarse la Salud Mental en el Estado y en Todo el Pa\u00eds: Enrique Puga"},"content":{"rendered":"<p class=\"x_gmail-MsoNoSpacing\"><em>*Foro Nacional Virtual de Salud Mental, Retos y Estrategias ante el Covid-19 y la Nueva Normalidad, ser\u00e1 un parte aguas importante, afirma<\/em><\/p>\n<p class=\"x_gmail-MsoNoSpacing\">Foro Nacional Virtual de Salud Mental, Retos y Estrategias ante el Covid-19 y la Nueva Normalidad, ser\u00e1 un parte aguas importante, para coadyuvar en el tema de la legislaci\u00f3n de la salud mental en el estado y en todo el pa\u00eds, no existe una Ley como tal, expres\u00f3 Enrique Puga, presidente de la Red Siglo XXI.<\/p>\n<p class=\"x_gmail-MsoNoSpacing\">Asimismo, manifest\u00f3 que, el precitado Foro, va enfocado en el marco del D\u00eda Mundial de la Salud Mental que se conmemora este viernes 10 de octubre las aportaciones y la participaci\u00f3n de la ciudadan\u00eda, es fundamental para concretar las leyes que se requieren.<\/p>\n<p class=\"x_gmail-MsoNoSpacing\">\u201cTodos los seres humanos necesitamos la atenci\u00f3n f\u00edsica de la Secretar\u00eda de Salud, esta vez en coordinaci\u00f3n con la Red Nacional de Centros, instituciones y prestigiados ponentes, vamos a estar participando\u201d, precis\u00f3.<\/p>\n<p class=\"x_gmail-MsoNoSpacing\">Indic\u00f3 que, han organizado Foros en Colima, han llevado propuestas al Congreso de la Uni\u00f3n, al Senado Rep\u00fablica y a la Secretar\u00eda de Salud para que se implemente la Ley de Salud Mental, \u201chacemos un llamado a los Diputados a sumar esfuerzos\u201d.<\/p>\n<p class=\"x_gmail-MsoNoSpacing\">Expuso que, han estado trabajando con la Licenciada Liz Fern\u00e1ndez de la Secretar\u00eda de Salud y algunas organizaciones de la sociedad civil para generar propuestas para la modificaci\u00f3n de la Ley para la prevenci\u00f3n, tratamiento y control de las adicciones, lo \u00fanico que rigen a los Centros de Rehabilitaci\u00f3n.<\/p>\n<p class=\"x_gmail-MsoNoSpacing\">\u201cEl tema de salud mental engloba m\u00e1s, engloba a los adultos mayores, a los ni\u00f1os, a las personas que andan en la calle que deambulan\u201d, enfatiz\u00f3.<\/p>\n<p class=\"x_gmail-MsoNoSpacing\">Del mismo modo, dijo que es importante que sean part\u00edcipes de este tipo de conferencias para que est\u00e9n informados ya que el tema de la salud mental incluye temas preventivos como el deporte, la cultura, la sana convivencia y los estudios, esas partes que te van generando un desarrollo como persona y como ser humano.<\/p>\n<p class=\"x_gmail-MsoNoSpacing\">Finalmente, Enrique Puga se\u00f1al\u00f3 que, el tema del Covid-19 y las adicciones que viene generando necesidades, la misma gente va requiriendo la atenci\u00f3n de la salud mental, \u201cquien necesitaba un psic\u00f3logo es porque estaba loco, pero no se necesita eso para requerir atenci\u00f3n especializada\u201d, concluy\u00f3.<\/p>\n","protected":false},"excerpt":{"rendered":"<p>*Foro Nacional Virtual de Salud Mental, Retos y Estrategias ante el Covid-19 y la Nueva Normalidad, ser\u00e1 un parte aguas importante, afirma Foro Nacional Virtual de Salud Mental, Retos y Estrategias ante el Covid-19 y la Nueva Normalidad, ser\u00e1 un parte aguas importante, para coadyuvar en el tema de la legislaci\u00f3n de la salud mental&#8230;<\/p>\n","protected":false},"author":2,"featured_media":12857,"comment_status":"open","ping_status":"open","sticky":false,"template":"","format":"standard","meta":{"footnotes":""},"categories":[12],"tags":[29,30,28],"class_list":["post-12856","post","type-post","status-publish","format-standard","has-post-thumbnail","hentry","category-sociedad","tag-grid","tag-news","tag-slider"],"_links":{"self":[{"href":"http:\/\/elobservatorio.com.mx\/index.php?rest_route=\/wp\/v2\/posts\/12856"}],"collection":[{"href":"http:\/\/elobservatorio.com.mx\/index.php?rest_route=\/wp\/v2\/posts"}],"about":[{"href":"http:\/\/elobservatorio.com.mx\/index.php?rest_route=\/wp\/v2\/types\/post"}],"author":[{"embeddable":true,"href":"http:\/\/elobservatorio.com.mx\/index.php?rest_route=\/wp\/v2\/users\/2"}],"replies":[{"embeddable":true,"href":"http:\/\/elobservatorio.com.mx\/index.php?rest_route=%2Fwp%2Fv2%2Fcomments&post=12856"}],"version-history":[{"count":0,"href":"http:\/\/elobservatorio.com.mx\/index.php?rest_route=\/wp\/v2\/posts\/12856\/revisions"}],"wp:featuredmedia":[{"embeddable":true,"href":"http:\/\/elobservatorio.com.mx\/index.php?rest_route=\/wp\/v2\/media\/12857"}],"wp:attachment":[{"href":"http:\/\/elobservatorio.com.mx\/index.php?rest_route=%2Fwp%2Fv2%2Fmedia&parent=12856"}],"wp:term":[{"taxonomy":"category","embeddable":true,"href":"http:\/\/elobservatorio.com.mx\/index.php?rest_route=%2Fwp%2Fv2%2Fcategories&post=12856"},{"taxonomy":"post_tag","embeddable":true,"href":"http:\/\/elobservatorio.com.mx\/index.php?rest_route=%2Fwp%2Fv2%2Ftags&post=12856"}],"curies":[{"name":"wp","href":"https:\/\/api.w.org\/{rel}","templated":true}]}}