{"id":12859,"date":"2020-10-11T03:54:00","date_gmt":"2020-10-11T08:54:00","guid":{"rendered":"http:\/\/elobservatorio.com.mx\/?p=12859"},"modified":"2020-10-11T03:54:00","modified_gmt":"2020-10-11T08:54:00","slug":"psicologia-servicio-mas-solicitado-en-brigada-medico-asistencial-que-llego-a-la-colonia-san-jose","status":"publish","type":"post","link":"http:\/\/elobservatorio.com.mx\/?p=12859","title":{"rendered":"Psicolog\u00eda, servicio m\u00e1s solicitado en brigada m\u00e9dico- asistencial que lleg\u00f3 a la colonia San Jos\u00e9"},"content":{"rendered":"<p><em>*El activista social Jonathan Castillo T\u00e9llez llev\u00f3 la tarde de este s\u00e1bado una brigada m\u00e9dico-asistencial en donde se atendieron a aproximadamente 120 personas<\/em>.<\/p>\n<p>El Observatorio Noticias<\/p>\n<p>Tecom\u00e1n Col.- Aproximadamente 120 personas recibieron atenci\u00f3n en la brigada m\u00e9dico- asistencial que este s\u00e1bado lleg\u00f3 a la colonia San Jos\u00e9, que fue encabezada por el activista social, Jonathan Castillo T\u00e9llez.<\/p>\n<p>Dentro de los servicios gratuitos que se ofrecieron fueron, corte de pelo, atenci\u00f3n psicol\u00f3gica, siendo \u00e9ste el m\u00e1s solicitado, orientaci\u00f3n de salud, asesor\u00eda jur\u00eddica, as\u00ed como tambi\u00e9n una brigada de limpieza, todo ello, se realiz\u00f3 en el parque de la colonia antes mencionada.<\/p>\n<p>Tambi\u00e9n estuvo presente Laura Montes, secretaria general del CDM del PRI en Tecom\u00e1n, quien adem\u00e1s brind\u00f3 sus servicios de asesor\u00eda jur\u00eddica.<\/p>\n<p>Estas brigadas se seguir\u00e1n llevando de forma permanente a todas las colonias y comunidades para seguir beneficiando a todos los habitantes del municipio, inform\u00f3 finalmente el activista Jonathan Castillo T\u00e9llez<\/p>\n<p>&nbsp;<\/p>\n<p>&nbsp;<\/p>\n<p>&nbsp;<\/p>\n","protected":false},"excerpt":{"rendered":"<p>*El activista social Jonathan Castillo T\u00e9llez llev\u00f3 la tarde de este s\u00e1bado una brigada m\u00e9dico-asistencial en donde se atendieron a aproximadamente 120 personas. El Observatorio Noticias Tecom\u00e1n Col.- Aproximadamente 120 personas recibieron atenci\u00f3n en la brigada m\u00e9dico- asistencial que este s\u00e1bado lleg\u00f3 a la colonia San Jos\u00e9, que fue encabezada por el activista social, Jonathan&#8230;<\/p>\n","protected":false},"author":2,"featured_media":12860,"comment_status":"open","ping_status":"open","sticky":false,"template":"","format":"standard","meta":{"footnotes":""},"categories":[8,34],"tags":[29,30,28],"class_list":["post-12859","post","type-post","status-publish","format-standard","has-post-thumbnail","hentry","category-municipios","category-tecoman","tag-grid","tag-news","tag-slider"],"_links":{"self":[{"href":"http:\/\/elobservatorio.com.mx\/index.php?rest_route=\/wp\/v2\/posts\/12859"}],"collection":[{"href":"http:\/\/elobservatorio.com.mx\/index.php?rest_route=\/wp\/v2\/posts"}],"about":[{"href":"http:\/\/elobservatorio.com.mx\/index.php?rest_route=\/wp\/v2\/types\/post"}],"author":[{"embeddable":true,"href":"http:\/\/elobservatorio.com.mx\/index.php?rest_route=\/wp\/v2\/users\/2"}],"replies":[{"embeddable":true,"href":"http:\/\/elobservatorio.com.mx\/index.php?rest_route=%2Fwp%2Fv2%2Fcomments&post=12859"}],"version-history":[{"count":0,"href":"http:\/\/elobservatorio.com.mx\/index.php?rest_route=\/wp\/v2\/posts\/12859\/revisions"}],"wp:featuredmedia":[{"embeddable":true,"href":"http:\/\/elobservatorio.com.mx\/index.php?rest_route=\/wp\/v2\/media\/12860"}],"wp:attachment":[{"href":"http:\/\/elobservatorio.com.mx\/index.php?rest_route=%2Fwp%2Fv2%2Fmedia&parent=12859"}],"wp:term":[{"taxonomy":"category","embeddable":true,"href":"http:\/\/elobservatorio.com.mx\/index.php?rest_route=%2Fwp%2Fv2%2Fcategories&post=12859"},{"taxonomy":"post_tag","embeddable":true,"href":"http:\/\/elobservatorio.com.mx\/index.php?rest_route=%2Fwp%2Fv2%2Ftags&post=12859"}],"curies":[{"name":"wp","href":"https:\/\/api.w.org\/{rel}","templated":true}]}}