{"id":12863,"date":"2020-10-11T04:36:54","date_gmt":"2020-10-11T09:36:54","guid":{"rendered":"http:\/\/elobservatorio.com.mx\/?p=12863"},"modified":"2020-10-11T04:39:03","modified_gmt":"2020-10-11T09:39:03","slug":"se-suman-mas-voluntarios-al-equipo-ciudadano-por-que-no","status":"publish","type":"post","link":"http:\/\/elobservatorio.com.mx\/?p=12863","title":{"rendered":"Se suman m\u00e1s voluntarios al equipo ciudadano \u00bfPor qu\u00e9 No?"},"content":{"rendered":"<p><em>*El proyecto ciudadano \u00bfPor qu\u00e9 No? que naci\u00f3 para mejorar al municipio de Tecom\u00e1n, ha coincidido\u00a0 ya con\u00a0 cientos de ciudadanos que de forma voluntaria se han sumado para lograr un mejor municipio<\/em><\/p>\n<p>El Observatorio Noticias<\/p>\n<p>Tecom\u00e1n Col.- El proyecto ciudadano \u00bfPor qu\u00e9 No? que encabeza el empresario Francisco Espinoza Ruelas, ha logrado convencer a la sociedad y ha logrado sumar ya, cada vez m\u00e1s voluntarios que coinciden en el proyecto de hacer un mejor Tecom\u00e1n y de pasar de los dichos a los hechos, de dejar de quejarse y sumarse.<\/p>\n<p>El pasado viernes, se realiz\u00f3 una brigada de recolecci\u00f3n de basura y cacharros en las colonias Indeco y Miguel Hidalgo, en donde se cont\u00f3 con el apoyo de cuatro maromas y repentinamente fueron apareciendo decenas de ciudadanos que se sumaron a esta brigada de limpieza y descacharrizaci\u00f3n<\/p>\n<p>Entre los voluntarios, apareci\u00f3 el propio Doctor Javier Orozco, quien en entrevista con este medio de comunicaci\u00f3n, coment\u00f3 que se suma a este proyecto porque coincide con lo que est\u00e1n haciendo por mejorar al municipio, de pasar de quejarnos a los hechos y hacer algo por mejorar nuestro Tecom\u00e1n.<\/p>\n<p>\u00abMe sumo a este proyecto porque veo que hay buenas ideas y proyectos para mejorar a Tecom\u00e1n, mismas que ya se est\u00e1n haciendo, que desde hace meses han venido trabajando en diversas actividades que van encaminadas a beneficiar a cientos de tecomenses, pero que en en lo general, ha sido por tener un mejor Tecom\u00e1n, que es lo que todos queremos\u00bb.<\/p>\n<p>Finalmente el Dr. Javier Orozco, invit\u00f3 a la sociedad a que tambi\u00e9n se sumen, a la vez que sigan manteniendo la sana distancia y usar el cubrebocas, que es lo que en este momento nos tiene ocupados a toda la humanidad por el problema de Covid-19, . \u00abTenemos que seguir cuid\u00e1ndonos, pero tambi\u00e9n a la par, seguir aportando trabajo por nuestro municipio y dejar de quejarnos, por eso los invito a sumarse a este gran proyecto\u00bb<\/p>\n<p>&nbsp;<\/p>\n<p>&nbsp;<\/p>\n<p>&nbsp;<\/p>\n","protected":false},"excerpt":{"rendered":"<p>*El proyecto ciudadano \u00bfPor qu\u00e9 No? que naci\u00f3 para mejorar al municipio de Tecom\u00e1n, ha coincidido\u00a0 ya con\u00a0 cientos de ciudadanos que de forma voluntaria se han sumado para lograr un mejor municipio El Observatorio Noticias Tecom\u00e1n Col.- El proyecto ciudadano \u00bfPor qu\u00e9 No? que encabeza el empresario Francisco Espinoza Ruelas, ha logrado convencer a&#8230;<\/p>\n","protected":false},"author":2,"featured_media":12864,"comment_status":"open","ping_status":"open","sticky":false,"template":"","format":"standard","meta":{"footnotes":""},"categories":[8,34],"tags":[29,30,28],"class_list":["post-12863","post","type-post","status-publish","format-standard","has-post-thumbnail","hentry","category-municipios","category-tecoman","tag-grid","tag-news","tag-slider"],"_links":{"self":[{"href":"http:\/\/elobservatorio.com.mx\/index.php?rest_route=\/wp\/v2\/posts\/12863"}],"collection":[{"href":"http:\/\/elobservatorio.com.mx\/index.php?rest_route=\/wp\/v2\/posts"}],"about":[{"href":"http:\/\/elobservatorio.com.mx\/index.php?rest_route=\/wp\/v2\/types\/post"}],"author":[{"embeddable":true,"href":"http:\/\/elobservatorio.com.mx\/index.php?rest_route=\/wp\/v2\/users\/2"}],"replies":[{"embeddable":true,"href":"http:\/\/elobservatorio.com.mx\/index.php?rest_route=%2Fwp%2Fv2%2Fcomments&post=12863"}],"version-history":[{"count":0,"href":"http:\/\/elobservatorio.com.mx\/index.php?rest_route=\/wp\/v2\/posts\/12863\/revisions"}],"wp:featuredmedia":[{"embeddable":true,"href":"http:\/\/elobservatorio.com.mx\/index.php?rest_route=\/wp\/v2\/media\/12864"}],"wp:attachment":[{"href":"http:\/\/elobservatorio.com.mx\/index.php?rest_route=%2Fwp%2Fv2%2Fmedia&parent=12863"}],"wp:term":[{"taxonomy":"category","embeddable":true,"href":"http:\/\/elobservatorio.com.mx\/index.php?rest_route=%2Fwp%2Fv2%2Fcategories&post=12863"},{"taxonomy":"post_tag","embeddable":true,"href":"http:\/\/elobservatorio.com.mx\/index.php?rest_route=%2Fwp%2Fv2%2Ftags&post=12863"}],"curies":[{"name":"wp","href":"https:\/\/api.w.org\/{rel}","templated":true}]}}