{"id":12896,"date":"2020-10-14T16:11:42","date_gmt":"2020-10-14T21:11:42","guid":{"rendered":"http:\/\/elobservatorio.com.mx\/?p=12896"},"modified":"2020-10-14T16:11:42","modified_gmt":"2020-10-14T21:11:42","slug":"realiza-cava-profesionistas-y-afines-jorge-arnulfo-andalon-diaz-labor-altruista","status":"publish","type":"post","link":"http:\/\/elobservatorio.com.mx\/?p=12896","title":{"rendered":"Realiza CAVA Profesionistas y Afines \u00abJorge Arnulfo Andal\u00f3n D\u00edaz\u00bb Labor Altruista"},"content":{"rendered":"<div class=\"x_gmail-td-module-meta-info\">\n<div class=\"x_gmail-td-post-content\">\n<p><em>*Obsequian una silla de ruedas, un par de zapatos, una colcha y una despensa a Mario Morales de Jes\u00fas<\/em><\/p>\n<p>En cumplimiento a compromiso adquirido y tendiendo su mano solidaria a quienes menos tienen, Virginia R\u00edos Contreras, presidenta del Colegio de Abogados de Villa de \u00c1lvarez Profesionistas y Afines Jorge Arnulfo Andal\u00f3n D\u00edaz, obsequi\u00f3 una silla de ruedas, un par de zapatos, una colcha y una despensa a Mario Morales de Jes\u00fas.<\/p>\n<p>Con dicha entrega, queda de manifiesto la labor altruista que realiza el precitado grupo colegiado en beneficio de los sectores vulnerables y m\u00e1s con quienes d\u00eda a d\u00eda, de manera honesta con sacrificio se ganan el sustento econ\u00f3mico para subsistir y satisfacer sus necesidades m\u00e1s apremiantes como el se\u00f1or Mario.<\/p>\n<p>Tras recibir los mencionados obsequios, Mario Morales de Jes\u00fas vio con benepl\u00e1cito los apoyos otorgados y agradeci\u00f3 a los integrantes de dicho colegio por su valiosa aportaci\u00f3n.<\/p>\n<p>En su mensaje, Virginia R\u00edos Conteras dej\u00f3 en claro que el sello que caracteriza al colegio que preside es el altruismo, apoyar las buenas causas y trabajar en beneficio de la sociedad general.<\/p>\n<p>Es de mencionar que, la entrega de los mencionados apoyos se realiz\u00f3 una vez que culmin\u00f3 la Charla Jur\u00eddica de Pensi\u00f3n Alimenticia impartida por la Jueza del Juzgado Tercero Familiar, Lilia Hern\u00e1ndez Flores.<\/p>\n<p>Asistieron a tan emotivo evento, el Doctor Jorge Arnulfo Andal\u00f3n D\u00edaz, directivos, activistas y colaboradores de dicho grupo colegiado as\u00ed como las Regidoras, Perla Luz V\u00e1zquez Montes y Ma. Gloria Cort\u00e9s Sandoval y la Licenciada Nikol Vargova.<\/p>\n<\/div>\n<\/div>\n","protected":false},"excerpt":{"rendered":"<p>*Obsequian una silla de ruedas, un par de zapatos, una colcha y una despensa a Mario Morales de Jes\u00fas En cumplimiento a compromiso adquirido y tendiendo su mano solidaria a quienes menos tienen, Virginia R\u00edos Contreras, presidenta del Colegio de Abogados de Villa de \u00c1lvarez Profesionistas y Afines Jorge Arnulfo Andal\u00f3n D\u00edaz, obsequi\u00f3 una silla&#8230;<\/p>\n","protected":false},"author":2,"featured_media":12897,"comment_status":"open","ping_status":"open","sticky":false,"template":"","format":"standard","meta":{"footnotes":""},"categories":[12],"tags":[29,30,28],"class_list":["post-12896","post","type-post","status-publish","format-standard","has-post-thumbnail","hentry","category-sociedad","tag-grid","tag-news","tag-slider"],"_links":{"self":[{"href":"http:\/\/elobservatorio.com.mx\/index.php?rest_route=\/wp\/v2\/posts\/12896"}],"collection":[{"href":"http:\/\/elobservatorio.com.mx\/index.php?rest_route=\/wp\/v2\/posts"}],"about":[{"href":"http:\/\/elobservatorio.com.mx\/index.php?rest_route=\/wp\/v2\/types\/post"}],"author":[{"embeddable":true,"href":"http:\/\/elobservatorio.com.mx\/index.php?rest_route=\/wp\/v2\/users\/2"}],"replies":[{"embeddable":true,"href":"http:\/\/elobservatorio.com.mx\/index.php?rest_route=%2Fwp%2Fv2%2Fcomments&post=12896"}],"version-history":[{"count":0,"href":"http:\/\/elobservatorio.com.mx\/index.php?rest_route=\/wp\/v2\/posts\/12896\/revisions"}],"wp:featuredmedia":[{"embeddable":true,"href":"http:\/\/elobservatorio.com.mx\/index.php?rest_route=\/wp\/v2\/media\/12897"}],"wp:attachment":[{"href":"http:\/\/elobservatorio.com.mx\/index.php?rest_route=%2Fwp%2Fv2%2Fmedia&parent=12896"}],"wp:term":[{"taxonomy":"category","embeddable":true,"href":"http:\/\/elobservatorio.com.mx\/index.php?rest_route=%2Fwp%2Fv2%2Fcategories&post=12896"},{"taxonomy":"post_tag","embeddable":true,"href":"http:\/\/elobservatorio.com.mx\/index.php?rest_route=%2Fwp%2Fv2%2Ftags&post=12896"}],"curies":[{"name":"wp","href":"https:\/\/api.w.org\/{rel}","templated":true}]}}