{"id":12899,"date":"2020-10-14T17:24:11","date_gmt":"2020-10-14T22:24:11","guid":{"rendered":"http:\/\/elobservatorio.com.mx\/?p=12899"},"modified":"2020-10-14T17:33:01","modified_gmt":"2020-10-14T22:33:01","slug":"ademas-del-mejoramiento-de-50-calles-del-municipio-tambien-se-avanza-en-senalizacion-vial-y-peatonal","status":"publish","type":"post","link":"http:\/\/elobservatorio.com.mx\/?p=12899","title":{"rendered":"Adem\u00e1s del mejoramiento de 50 calles del municipio, tambi\u00e9n se avanza en se\u00f1alizaci\u00f3n vial y peatonal"},"content":{"rendered":"<p><em>*Vamos\u00a0 avanzando a paso firme, afirma Rafael\u00a0 Mendoza.<\/em><\/p>\n<p>En el municipio de Cuauht\u00e9moc avanza el programa de rehabilitaci\u00f3n de 50 calles que impuls\u00f3 el presidente municipal de Cuauht\u00e9moc, Rafael Mendoza, aplicando recursos propios de su administraci\u00f3n\u00a0 cuyo origen es el buen manejo financiero y administrativo de su gobierno.<\/p>\n<p>Este avance, que se da a paso firme en este proyecto, en donde el presidente municipal est\u00e1 cumpliendo su compromiso con la poblaci\u00f3n, de mejorar la vialidad en todas las comunidades del municipio, ya registra un importante avance en la cabecera municipal\u00a0 y se continuar\u00e1\u00a0 en\u00a0 otras comunidades\u00a0 una de ellas la poblaci\u00f3n de Queser\u00eda,\u00a0 donde la administraci\u00f3n de Rafael Mendoza ha puesto en acci\u00f3n diversas acciones y gestiones, entre ellas la construcci\u00f3n de obra p\u00fablica y de vialidades que est\u00e1n transformando notablemente este importante punto, el m\u00e1s poblado del municipio de Cuauht\u00e9moc.<\/p>\n<p>Tan luego que se est\u00e1n construyendo, rehabilitando y mejorando las 50 vialidades, inmediatamente en aquellas que ya se concluyeron los trabajos, brigadas al mando del director de Seguridad P\u00fablica y de Vialidad est\u00e1n realizando la colocaci\u00f3n de se\u00f1alamientos y la pinta de pasos peatonales,\u00a0 lo que en su conjunto destacan no s\u00f3lo el embellecimiento de estas v\u00edas sino tambi\u00e9n la promoci\u00f3n de la cultura vial y la seguridad de los peatones.<\/p>\n<p>En la p\u00e1gina personal del presidente y en el espacio institucional de su gobierno en redes sociales, ya se destacan los avances que se llevan en este programa, realizado con recursos propios y que destacan\u00a0 al municipio de Cuauht\u00e9moc entre todos los del estado, por hacer obra\u00a0 con recursos provenientes\u00a0 del ahorro y el buen manejo\u00a0 financiero y\u00a0 administrativo.<\/p>\n<p>El presidente\u00a0 municipal de Cuauht\u00e9moc\u00a0 se\u00f1al\u00f3\u00a0 ayer en redes\u00a0 sociales,\u00a0 que se avanza\u00a0 y seguir\u00e1n Queser\u00eda,\u00a0 Palmillas\u00a0 y El Trapiche.<\/p>\n<p>En las im\u00e1genes difundidas, se aprecia la calidad\u00a0 de los trabajos\u00a0 tanto del encarpetamiento, como\u00a0 de se\u00f1alizaci\u00f3n\u00a0 vial que\u00a0 mejorar\u00e1n la funcionalidad del flujo vehicular y la seguridad\u00a0 peatonal.<\/p>\n<p>&nbsp;<\/p>\n","protected":false},"excerpt":{"rendered":"<p>*Vamos\u00a0 avanzando a paso firme, afirma Rafael\u00a0 Mendoza. En el municipio de Cuauht\u00e9moc avanza el programa de rehabilitaci\u00f3n de 50 calles que impuls\u00f3 el presidente municipal de Cuauht\u00e9moc, Rafael Mendoza, aplicando recursos propios de su administraci\u00f3n\u00a0 cuyo origen es el buen manejo financiero y administrativo de su gobierno. Este avance, que se da a paso&#8230;<\/p>\n","protected":false},"author":2,"featured_media":12900,"comment_status":"open","ping_status":"open","sticky":false,"template":"","format":"standard","meta":{"footnotes":""},"categories":[40,8],"tags":[29,30,28],"class_list":["post-12899","post","type-post","status-publish","format-standard","has-post-thumbnail","hentry","category-cuauhtemoc","category-municipios","tag-grid","tag-news","tag-slider"],"_links":{"self":[{"href":"http:\/\/elobservatorio.com.mx\/index.php?rest_route=\/wp\/v2\/posts\/12899"}],"collection":[{"href":"http:\/\/elobservatorio.com.mx\/index.php?rest_route=\/wp\/v2\/posts"}],"about":[{"href":"http:\/\/elobservatorio.com.mx\/index.php?rest_route=\/wp\/v2\/types\/post"}],"author":[{"embeddable":true,"href":"http:\/\/elobservatorio.com.mx\/index.php?rest_route=\/wp\/v2\/users\/2"}],"replies":[{"embeddable":true,"href":"http:\/\/elobservatorio.com.mx\/index.php?rest_route=%2Fwp%2Fv2%2Fcomments&post=12899"}],"version-history":[{"count":0,"href":"http:\/\/elobservatorio.com.mx\/index.php?rest_route=\/wp\/v2\/posts\/12899\/revisions"}],"wp:featuredmedia":[{"embeddable":true,"href":"http:\/\/elobservatorio.com.mx\/index.php?rest_route=\/wp\/v2\/media\/12900"}],"wp:attachment":[{"href":"http:\/\/elobservatorio.com.mx\/index.php?rest_route=%2Fwp%2Fv2%2Fmedia&parent=12899"}],"wp:term":[{"taxonomy":"category","embeddable":true,"href":"http:\/\/elobservatorio.com.mx\/index.php?rest_route=%2Fwp%2Fv2%2Fcategories&post=12899"},{"taxonomy":"post_tag","embeddable":true,"href":"http:\/\/elobservatorio.com.mx\/index.php?rest_route=%2Fwp%2Fv2%2Ftags&post=12899"}],"curies":[{"name":"wp","href":"https:\/\/api.w.org\/{rel}","templated":true}]}}