{"id":12943,"date":"2020-10-15T14:50:35","date_gmt":"2020-10-15T19:50:35","guid":{"rendered":"http:\/\/elobservatorio.com.mx\/?p=12943"},"modified":"2020-10-15T14:50:35","modified_gmt":"2020-10-15T19:50:35","slug":"rehabilitan-alumbrado-del-andador-armeria-el-paraiso","status":"publish","type":"post","link":"http:\/\/elobservatorio.com.mx\/?p=12943","title":{"rendered":"Rehabilitan alumbrado del andador Armer\u00eda &#8211; El Para\u00edso"},"content":{"rendered":"<p>ARMER\u00cdA.- Con una inversi\u00f3n de 2 millones, 419 mil, 154.94 pesos, el Presidente Municipal Salvador Bueno Arceo dio arranque a la obra de rehabilitaci\u00f3n del alumbrado p\u00fablico sobre el andador Armer\u00eda a la comunidad de El Para\u00edso.<\/p>\n<p>Salvador Bueno dijo que se colocar\u00e1n 160 l\u00e1mparas de led inteligente a lo largo de todo el andador que va a un costado de la carretera de la cabecera municipal de Armer\u00eda hasta la comunidad de El Para\u00edso, que son alrededor de 8 km, \u201cse tiene programado que en aproximadamente dos semanas queden totalmente colocadas estas nuevas l\u00e1mparas\u201d.<\/p>\n<p>El mun\u00edcipe agreg\u00f3 que esta obra de rehabilitaci\u00f3n es de las m\u00e1s importantes, \u201cya que ninguna l\u00e1mpara serv\u00eda y es momento de que se coloquen nuevas y con mejor iluminaci\u00f3n en todo el tramo que comprende este andador\u201d.<\/p>\n<p>Bueno Arceo explic\u00f3 que con esta obra se mejorar\u00e1 la imagen de todo el andador hacia El Para\u00edso, \u201cpero sobre todo se le proporciona m\u00e1s seguridad a los paseantes, ya que diariamente acuden decenas de personas a realizar ejercicios y otros m\u00e1s a sus lugares de trabajo en el campo y con alumbrado al cien por ciento, se sentir\u00e1n m\u00e1s seguros\u201d.<\/p>\n<p>Durante el arranque estuvieron acompa\u00f1ando al presidente municipal, la regidora Blanca Ortiz L\u00f3pez; el director de Planeaci\u00f3n, Efra\u00edn Acevedo Castellanos y el contralor Alfonso Sotomayor Ortiz.<\/p>\n","protected":false},"excerpt":{"rendered":"<p>ARMER\u00cdA.- Con una inversi\u00f3n de 2 millones, 419 mil, 154.94 pesos, el Presidente Municipal Salvador Bueno Arceo dio arranque a la obra de rehabilitaci\u00f3n del alumbrado p\u00fablico sobre el andador Armer\u00eda a la comunidad de El Para\u00edso. Salvador Bueno dijo que se colocar\u00e1n 160 l\u00e1mparas de led inteligente a lo largo de todo el andador&#8230;<\/p>\n","protected":false},"author":2,"featured_media":12944,"comment_status":"open","ping_status":"open","sticky":false,"template":"","format":"standard","meta":{"footnotes":""},"categories":[33,8],"tags":[29,30,28],"class_list":["post-12943","post","type-post","status-publish","format-standard","has-post-thumbnail","hentry","category-armeria","category-municipios","tag-grid","tag-news","tag-slider"],"_links":{"self":[{"href":"http:\/\/elobservatorio.com.mx\/index.php?rest_route=\/wp\/v2\/posts\/12943"}],"collection":[{"href":"http:\/\/elobservatorio.com.mx\/index.php?rest_route=\/wp\/v2\/posts"}],"about":[{"href":"http:\/\/elobservatorio.com.mx\/index.php?rest_route=\/wp\/v2\/types\/post"}],"author":[{"embeddable":true,"href":"http:\/\/elobservatorio.com.mx\/index.php?rest_route=\/wp\/v2\/users\/2"}],"replies":[{"embeddable":true,"href":"http:\/\/elobservatorio.com.mx\/index.php?rest_route=%2Fwp%2Fv2%2Fcomments&post=12943"}],"version-history":[{"count":0,"href":"http:\/\/elobservatorio.com.mx\/index.php?rest_route=\/wp\/v2\/posts\/12943\/revisions"}],"wp:featuredmedia":[{"embeddable":true,"href":"http:\/\/elobservatorio.com.mx\/index.php?rest_route=\/wp\/v2\/media\/12944"}],"wp:attachment":[{"href":"http:\/\/elobservatorio.com.mx\/index.php?rest_route=%2Fwp%2Fv2%2Fmedia&parent=12943"}],"wp:term":[{"taxonomy":"category","embeddable":true,"href":"http:\/\/elobservatorio.com.mx\/index.php?rest_route=%2Fwp%2Fv2%2Fcategories&post=12943"},{"taxonomy":"post_tag","embeddable":true,"href":"http:\/\/elobservatorio.com.mx\/index.php?rest_route=%2Fwp%2Fv2%2Ftags&post=12943"}],"curies":[{"name":"wp","href":"https:\/\/api.w.org\/{rel}","templated":true}]}}