{"id":12946,"date":"2020-10-15T15:27:35","date_gmt":"2020-10-15T20:27:35","guid":{"rendered":"http:\/\/elobservatorio.com.mx\/?p=12946"},"modified":"2020-10-15T15:27:35","modified_gmt":"2020-10-15T20:27:35","slug":"reconoce-gobierno-del-estado-a-ocho-nuevos-integrantes-en-el-muro-de-honor-del-deporte","status":"publish","type":"post","link":"http:\/\/elobservatorio.com.mx\/?p=12946","title":{"rendered":"Reconoce Gobierno del Estado a ocho nuevos integrantes en el Muro de Honor del Deporte"},"content":{"rendered":"<p class=\"x_MsoNormal\"><i>*En las disciplinas de basquetbol, gimnasia art\u00edstica, handball, judo y voleibol<\/i><\/p>\n<p class=\"x_MsoNormal\">En el marco del D\u00eda del Deportista Colimense, el secretario de Educaci\u00f3n del Gobierno del Estado, Jaime Flores Merlo, en representaci\u00f3n del gobernador Jos\u00e9 Ignacio Peralta S\u00e1nchez, reconoci\u00f3 a quienes en este a\u00f1o 2020, ingresaron en el Muro de Honor del Deporte Colimense.<\/p>\n<p class=\"x_MsoNormal\">Flores Merlo a nombre del ejecutivo estatal, felicit\u00f3 a los ocho nuevos integrantes, a quienes les expres\u00f3 que hay momentos en la vida, los cuales quedan grabados en los corazones, y que, sin duda, este es uno de ellos, en donde sus nombres quedan inscritos en letras color oro.<\/p>\n<p class=\"x_MsoNormal\">Indic\u00f3 que en las condiciones que se vive por la pandemia, el Gobierno del Estado ha realizado actividades para fortalecer y seguir trabajando en favor de la sociedad colimense, destacando que es un justo reconocimiento que se les hace en vida a quienes ingresan en el Muro de Honor del Deporte Colimense, convirti\u00e9ndose en un ejemplo a seguir y a quienes la sociedad colimense se los reconoce, as\u00ed como sus familias y quienes trabajan en beneficio del deporte en el estado.<\/p>\n<p class=\"x_MsoNormal\">Por \u00faltimo, Jaime Flores, expres\u00f3 que este evento es un mensaje a las ni\u00f1as, a los ni\u00f1os y los j\u00f3venes, pero muy especial todo a las madres y los padres para que dediquen el mayor tiempo a sus hijos para que pueda ser unos talentosos deportistas y un ejemplo de bien para el pueblo de Colima.<\/p>\n<p class=\"x_MsoNormal\">Por su parte, Ciria Salazar, directora del Incode, resalt\u00f3 que cada vez son m\u00e1s las propuestas de hombres y mujeres valiosas que llegan para ser analizados para estos reconocimientos, eso habla de una pol\u00edtica p\u00fablica comprometida y eficiente, en cinco a\u00f1os de gobierno se ha buscado seguir el ritmo a tres grandes metas: mejorar la infraestructura deportiva del estado, la mejora de los indicadores de alto rendimiento, con 911 deportistas registrados con talento y la masividad del deporte.<\/p>\n<p class=\"x_MsoNormal\">Subray\u00f3 que el gobierno que encabeza Jos\u00e9 Ignacio Peralta, es eficiente y optimiza todos sus recursos, a\u00fan en momentos de austeridad no se ha bajado la guardia y se contin\u00faa buscando los esquemas para construir a los escenarios del \u00e9xito.<\/p>\n<p class=\"x_MsoNormal\">Finalmente, la funcionaria les expres\u00f3, a las y los nuevos miembros, que sus logros los comprometen a ser ejemplo de generosidad con un alto sentido de ciudadan\u00eda, su modelaje deportivo y personal, ser\u00e1n la bandera de nuestro progreso; siendo esos ciudadanos ejemplares que enorgullecen este muro.<\/p>\n<p class=\"x_MsoNormal\">Les entregaron constancias que acreditan el ingreso al Muro de Honor del Deporte Colimense a las deportistas Claudia Mac\u00edas Hermosillo, de handball; Yerania Paloma Guti\u00e9rrez Sandoval y al voleibolista Pedro Antonio Ceballos Montes; as\u00ed como a las y los entrenadores, Crist\u00f3bal Alejandro Aburto Tinoco, de judo; Gabriel Larios Larios, de voleibol; Josefina Hern\u00e1ndez Navarro, de gimnasia art\u00edstica; Leticia Ram\u00edrez S\u00e1nchez, de handball y Sergio Zeferino Jim\u00e9nez Guardado, de basquetbol.<\/p>\n<p class=\"x_MsoNormal\">En el acto tambi\u00e9n estuvieron presentes Claudia Gabriela Aguirre Luna, representante del diputado Arturo Garc\u00eda Arias, del Congreso del Estado y Juan Roberto Gonz\u00e1lez Becerra, representante del Gobierno del Estado en la Ciudad de M\u00e9xico; as\u00ed como personal del Incode, y familiares de las y los homenajeados.<\/p>\n","protected":false},"excerpt":{"rendered":"<p>*En las disciplinas de basquetbol, gimnasia art\u00edstica, handball, judo y voleibol En el marco del D\u00eda del Deportista Colimense, el secretario de Educaci\u00f3n del Gobierno del Estado, Jaime Flores Merlo, en representaci\u00f3n del gobernador Jos\u00e9 Ignacio Peralta S\u00e1nchez, reconoci\u00f3 a quienes en este a\u00f1o 2020, ingresaron en el Muro de Honor del Deporte Colimense. Flores&#8230;<\/p>\n","protected":false},"author":2,"featured_media":12947,"comment_status":"open","ping_status":"open","sticky":false,"template":"","format":"standard","meta":{"footnotes":""},"categories":[21],"tags":[29,30,28],"class_list":["post-12946","post","type-post","status-publish","format-standard","has-post-thumbnail","hentry","category-deportes","tag-grid","tag-news","tag-slider"],"_links":{"self":[{"href":"http:\/\/elobservatorio.com.mx\/index.php?rest_route=\/wp\/v2\/posts\/12946"}],"collection":[{"href":"http:\/\/elobservatorio.com.mx\/index.php?rest_route=\/wp\/v2\/posts"}],"about":[{"href":"http:\/\/elobservatorio.com.mx\/index.php?rest_route=\/wp\/v2\/types\/post"}],"author":[{"embeddable":true,"href":"http:\/\/elobservatorio.com.mx\/index.php?rest_route=\/wp\/v2\/users\/2"}],"replies":[{"embeddable":true,"href":"http:\/\/elobservatorio.com.mx\/index.php?rest_route=%2Fwp%2Fv2%2Fcomments&post=12946"}],"version-history":[{"count":0,"href":"http:\/\/elobservatorio.com.mx\/index.php?rest_route=\/wp\/v2\/posts\/12946\/revisions"}],"wp:featuredmedia":[{"embeddable":true,"href":"http:\/\/elobservatorio.com.mx\/index.php?rest_route=\/wp\/v2\/media\/12947"}],"wp:attachment":[{"href":"http:\/\/elobservatorio.com.mx\/index.php?rest_route=%2Fwp%2Fv2%2Fmedia&parent=12946"}],"wp:term":[{"taxonomy":"category","embeddable":true,"href":"http:\/\/elobservatorio.com.mx\/index.php?rest_route=%2Fwp%2Fv2%2Fcategories&post=12946"},{"taxonomy":"post_tag","embeddable":true,"href":"http:\/\/elobservatorio.com.mx\/index.php?rest_route=%2Fwp%2Fv2%2Ftags&post=12946"}],"curies":[{"name":"wp","href":"https:\/\/api.w.org\/{rel}","templated":true}]}}