{"id":13100,"date":"2020-10-24T13:38:55","date_gmt":"2020-10-24T18:38:55","guid":{"rendered":"http:\/\/elobservatorio.com.mx\/?p=13100"},"modified":"2020-10-24T13:38:55","modified_gmt":"2020-10-24T18:38:55","slug":"buscaran-colimenses-clasificar-a-juegos-panamericanos-juveniles-2021-en-judo","status":"publish","type":"post","link":"http:\/\/elobservatorio.com.mx\/?p=13100","title":{"rendered":"Buscar\u00e1n colimenses clasificar a Juegos Panamericanos Juveniles 2021 en Judo"},"content":{"rendered":"<p class=\"x_MsoNormal\"><i>*Participar\u00e1n en Campeonato Panamericano de Guadalajara, del 18 al 22 de noviembre<\/i><\/p>\n<p class=\"x_MsoNormal\">Los judocas colimenses Jos\u00e9 Pablo \u00c1lvarez Aceves y Javier Alejandro Rosas Hoyos, buscar\u00e1n clasificar a los Juegos Panamericanos Junior, a celebrarse en Cali, Colombia, del 9 al 19 de septiembre del 2021.<\/p>\n<p class=\"x_MsoNormal\">Lo anterior cuando participen, del 18 al 22 de noviembre en el Campeonato Panamericano de Judo, de las categor\u00edas Cadetes y Juvenil, que se realizar\u00e1 en la ciudad de Guadalajara, Jalisco.<\/p>\n<p class=\"x_MsoNormal\">Al respecto, la directora general del Instituto Colimense del Deporte, Ciria Salazar, inform\u00f3 que los dos deportistas y su entrenador Crist\u00f3bal Alejandro Aburto Tinoco, ser\u00e1n apoyados por el Gobierno del Estado con el pago de uniformes, inscripci\u00f3n, hospedaje y alimentaci\u00f3n, para su participaci\u00f3n en esta competencia internacional.<\/p>\n<p class=\"x_MsoNormal\">La funcionaria agreg\u00f3 que el equipo metodol\u00f3gico del Incode les est\u00e1 realizado las pruebas f\u00edsicas a los dos deportistas y se les aplicar\u00e1 la prueba del Covid-19. Tambi\u00e9n se les ha brindado el permiso para usar el espacio para los entrenamientos, cumpliendo con las medidas sanitarias adecuadas, utilizando cubrebocas y gel antibacterial.<\/p>\n<p class=\"x_MsoNormal\">Por su parte, el entrenador de la Selecci\u00f3n de Judo del Estado de Colima, Crist\u00f3bal Alejandro Aburto Tinoco, destac\u00f3 que los dos j\u00f3venes podr\u00e1n hacer un buen papel en esta competencia internacional, debido a su calidad t\u00e9cnica, el cual qued\u00f3 demostrado durante su participaci\u00f3n en el Torneo Nacional de Judo, realizado en el mes de febrero de este a\u00f1o en la ciudad de Tijuana, Baja California.<\/p>\n<p class=\"x_MsoNormal\">Asimismo, Crist\u00f3bal Aburto, agradeci\u00f3 el apoyo brindando por el Gobierno del Estado a trav\u00e9s del Incode, para acudir a esta competencia, as\u00ed como la apertura del espacio deportivo para entrenar con las medidas sanitarias adecuadas, al \u00e1rea metodol\u00f3gica por el trabajo f\u00edsico y las evaluaciones y, el respaldo de la Universidad de Colima.<\/p>\n<p class=\"x_MsoNormal\">El deportista Alejandro Rosas, de la divisi\u00f3n de hasta 81 kilos, expres\u00f3 su emoci\u00f3n por participar en este evento y poder lograr la clasificaci\u00f3n a lo que ser\u00edan sus primeros Juegos Panamericanos Juveniles, siendo una oportunidad excelente para hacer un buen papel en esta competencia, ya que tiene la capacidad y el talento para competir.<\/p>\n<p class=\"x_MsoNormal\">Por \u00faltimo, Pablo \u00c1lvarez, de la divisi\u00f3n de m\u00e1s de 100 kilos, coment\u00f3 que si logra estar dentro de los mejores ocho en esta competencia podr\u00e1 participar en los Juegos Panamericanos Juveniles, por lo que se encuentra entrenando de lunes a s\u00e1bado para poder ir bien preparado.<\/p>\n","protected":false},"excerpt":{"rendered":"<p>*Participar\u00e1n en Campeonato Panamericano de Guadalajara, del 18 al 22 de noviembre Los judocas colimenses Jos\u00e9 Pablo \u00c1lvarez Aceves y Javier Alejandro Rosas Hoyos, buscar\u00e1n clasificar a los Juegos Panamericanos Junior, a celebrarse en Cali, Colombia, del 9 al 19 de septiembre del 2021. Lo anterior cuando participen, del 18 al 22 de noviembre en&#8230;<\/p>\n","protected":false},"author":2,"featured_media":13101,"comment_status":"open","ping_status":"open","sticky":false,"template":"","format":"standard","meta":{"footnotes":""},"categories":[21],"tags":[29,30,28],"class_list":["post-13100","post","type-post","status-publish","format-standard","has-post-thumbnail","hentry","category-deportes","tag-grid","tag-news","tag-slider"],"_links":{"self":[{"href":"http:\/\/elobservatorio.com.mx\/index.php?rest_route=\/wp\/v2\/posts\/13100"}],"collection":[{"href":"http:\/\/elobservatorio.com.mx\/index.php?rest_route=\/wp\/v2\/posts"}],"about":[{"href":"http:\/\/elobservatorio.com.mx\/index.php?rest_route=\/wp\/v2\/types\/post"}],"author":[{"embeddable":true,"href":"http:\/\/elobservatorio.com.mx\/index.php?rest_route=\/wp\/v2\/users\/2"}],"replies":[{"embeddable":true,"href":"http:\/\/elobservatorio.com.mx\/index.php?rest_route=%2Fwp%2Fv2%2Fcomments&post=13100"}],"version-history":[{"count":0,"href":"http:\/\/elobservatorio.com.mx\/index.php?rest_route=\/wp\/v2\/posts\/13100\/revisions"}],"wp:featuredmedia":[{"embeddable":true,"href":"http:\/\/elobservatorio.com.mx\/index.php?rest_route=\/wp\/v2\/media\/13101"}],"wp:attachment":[{"href":"http:\/\/elobservatorio.com.mx\/index.php?rest_route=%2Fwp%2Fv2%2Fmedia&parent=13100"}],"wp:term":[{"taxonomy":"category","embeddable":true,"href":"http:\/\/elobservatorio.com.mx\/index.php?rest_route=%2Fwp%2Fv2%2Fcategories&post=13100"},{"taxonomy":"post_tag","embeddable":true,"href":"http:\/\/elobservatorio.com.mx\/index.php?rest_route=%2Fwp%2Fv2%2Ftags&post=13100"}],"curies":[{"name":"wp","href":"https:\/\/api.w.org\/{rel}","templated":true}]}}