{"id":1346,"date":"2018-12-14T23:56:27","date_gmt":"2018-12-14T23:56:27","guid":{"rendered":"http:\/\/elobservatorio.com.mx\/credenciales-de-elector-con-terminacion-18-o-2018-perderan-vigencia-el-1-de-enero"},"modified":"2018-12-14T23:56:27","modified_gmt":"2018-12-14T23:56:27","slug":"credenciales-de-elector-con-terminacion-18-o-2018-perderan-vigencia-el-1-de-enero","status":"publish","type":"post","link":"http:\/\/elobservatorio.com.mx\/?p=1346","title":{"rendered":"Credenciales de elector con terminaci\u00f3n 18 \u00f3 2018 perder\u00e1n vigencia el 1 de enero"},"content":{"rendered":"<p><em>*Son 46 mil 464 Credenciales \u201c18\u201d cuyos titulares a\u00fan no han acudido a los M\u00f3dulos del INE para solicitar su renovaci\u00f3n.<\/em><\/p>\n<p>A partir del 1 de enero del 2019 todas las credenciales de elector expedidas por el Instituto Nacional Electoral que tengan una terminaci\u00f3n \u201c18\u201d o dice 2018 \u201cperder\u00e1n vigencia\u201d, seg\u00fan dio a conocer el vocal ejecutivo del distrito 01 del INE con cabecera en la capital del estado, Juan Ram\u00edrez Ramos.<\/p>\n<p>Inform\u00f3 que en Colima quedan 46 mil 464 credenciales para votar con fitograf\u00eda con terminaci\u00f3n \u201c18\u201d o 2018, las cuales insisti\u00f3 perder\u00e1n vigencia el 1 de enero de 2019, porque a\u00fan no han sido renovadas.<\/p>\n<p>Al respecto Ram\u00edrez Ramos se\u00f1al\u00f3 que los titulares de estas 46 mil 464 Credenciales \u201c18\u201d, sus titulares a\u00fan no han acudido a los M\u00f3dulos del INE para solicitar su renovaci\u00f3n y advirti\u00f3 que de no hacerlo a m\u00e1s tardar el 31 de diciembre de 2018, sus micas electorales dejar\u00e1n de servir para votar y como identificaci\u00f3n oficial, ya que no ser\u00e1n aceptadas en ning\u00fan lugar.<\/p>\n<p>Por ello, hizo un \u00faltimo llamado a los ciudadanos y ciudadanas que tengan una Credencial que est\u00e9 por vencer, para que tramiten una nueva, m\u00e1s moderna y segura, \u201cs\u00f3lo deben llevar su Acta de Nacimiento, un Comprobante de Domicilio muy reciente y su Credencial para Votar vieja, para que en un m\u00e1ximo de 10 d\u00edas recuperen su identificaci\u00f3n actualizada\u201d.<\/p>\n<p>Juan Ram\u00edrez inform\u00f3 que en el Distrito Electoral 01 los M\u00f3dulos funcionan en los siguientes domicilios: Colima: Av. Constituci\u00f3n 2171 (Plaza Los Olivos). Otro en la calle Jos\u00e9 Pimentel Llerenas 279, Zona Centro. En Villa de \u00c1lvarez hay dos m\u00f3dulos, uno en la Calle Morelos 75-A, Zona Centro.<\/p>\n<p>Otro, en la Av. Ni\u00f1os H\u00e9roes 498, colonia Lomas del Centenario. El horario de los m\u00f3dulos es de lunes a viernes de 8 de la ma\u00f1ana a 3 de la tarde y los s\u00e1bados de 9 de la ma\u00f1ana a 1 de la tarde.<\/p>\n<p>Asimismo, el funcionario del INE dio a conocer que los m\u00f3dulos permanecer\u00e1n cerrados del 23 de diciembre al 1 de enero de 2019, con motivo del per\u00edodo vacacional.<\/p>\n<p>Finalmente puso a disposici\u00f3n de la ciudadan\u00eda los n\u00fameros telef\u00f3nicos INETEL 01 800 433 2000, (312) 31 3 58 20y la p\u00e1gina electr\u00f3nica del Instituto (ine.mx) para que puedan resolver dudas, consultar requisitos y sacar una cita en el M\u00f3dulo de su preferencia.<\/p>\n","protected":false},"excerpt":{"rendered":"<p>*Son 46 mil 464 Credenciales \u201c18\u201d cuyos titulares a\u00fan no han acudido a los M\u00f3dulos del INE para solicitar su renovaci\u00f3n. A partir del 1 de enero del 2019 todas las credenciales de elector expedidas por el Instituto Nacional Electoral que tengan una terminaci\u00f3n \u201c18\u201d o dice 2018 \u201cperder\u00e1n vigencia\u201d, seg\u00fan dio a conocer el&#8230;<\/p>\n","protected":false},"author":2,"featured_media":1347,"comment_status":"open","ping_status":"open","sticky":false,"template":"","format":"standard","meta":{"footnotes":""},"categories":[12],"tags":[29,30,28],"class_list":["post-1346","post","type-post","status-publish","format-standard","has-post-thumbnail","hentry","category-sociedad","tag-grid","tag-news","tag-slider"],"_links":{"self":[{"href":"http:\/\/elobservatorio.com.mx\/index.php?rest_route=\/wp\/v2\/posts\/1346"}],"collection":[{"href":"http:\/\/elobservatorio.com.mx\/index.php?rest_route=\/wp\/v2\/posts"}],"about":[{"href":"http:\/\/elobservatorio.com.mx\/index.php?rest_route=\/wp\/v2\/types\/post"}],"author":[{"embeddable":true,"href":"http:\/\/elobservatorio.com.mx\/index.php?rest_route=\/wp\/v2\/users\/2"}],"replies":[{"embeddable":true,"href":"http:\/\/elobservatorio.com.mx\/index.php?rest_route=%2Fwp%2Fv2%2Fcomments&post=1346"}],"version-history":[{"count":0,"href":"http:\/\/elobservatorio.com.mx\/index.php?rest_route=\/wp\/v2\/posts\/1346\/revisions"}],"wp:featuredmedia":[{"embeddable":true,"href":"http:\/\/elobservatorio.com.mx\/index.php?rest_route=\/wp\/v2\/media\/1347"}],"wp:attachment":[{"href":"http:\/\/elobservatorio.com.mx\/index.php?rest_route=%2Fwp%2Fv2%2Fmedia&parent=1346"}],"wp:term":[{"taxonomy":"category","embeddable":true,"href":"http:\/\/elobservatorio.com.mx\/index.php?rest_route=%2Fwp%2Fv2%2Fcategories&post=1346"},{"taxonomy":"post_tag","embeddable":true,"href":"http:\/\/elobservatorio.com.mx\/index.php?rest_route=%2Fwp%2Fv2%2Ftags&post=1346"}],"curies":[{"name":"wp","href":"https:\/\/api.w.org\/{rel}","templated":true}]}}