{"id":13477,"date":"2020-11-11T20:11:45","date_gmt":"2020-11-12T02:11:45","guid":{"rendered":"http:\/\/elobservatorio.com.mx\/?p=13477"},"modified":"2020-11-11T20:14:28","modified_gmt":"2020-11-12T02:14:28","slug":"de-14-anos-el-descuartizado-encontrado-en-una-maleta-en-la-guerrero","status":"publish","type":"post","link":"http:\/\/elobservatorio.com.mx\/?p=13477","title":{"rendered":"De 14 a\u00f1os, el descuartizado encontrado en una maleta en la Guerrero"},"content":{"rendered":"<p><em>*Alessandro \u00abN\u00bb, es la v\u00edctima fue subida a la fuerza a un taxi el 10 de noviembre<\/em><\/p>\n<p>CdMx.- <strong>Alessandro \u2018N\u2019<\/strong>, un<strong>\u00a0menor de 14 a\u00f1os<\/strong>, fue identificado como la v\u00edctima cuyos restos fueron hallados esta ma\u00f1ana en la\u00a0<strong>Colonia Guerrero<\/strong>, dentro de una maleta que era transportada por dos sujetos, tambi\u00e9n menores de edad.<\/p>\n<p>Fue ayer, 10 de noviembre, que la familia de la v\u00edctima report\u00f3 su desaparici\u00f3n ante la Fiscal\u00eda General de Justicia (FGJ) local, luego de que, de acuerdo con los testimonios, fuera subido a la fuerza a un taxi en la colonia\u00a020 de noviembre.<\/p>\n<p>De entre tres personas a las que se limit\u00f3 la investigaci\u00f3n para identificar el cuerpo, las autoridades determinaron este mi\u00e9rcoles que los restos corresponden al Alessandro.<\/p>\n<p>Esta madrugada\u00a0 Jos\u00e9 Rodrigo \u00abN\u00bb y Darwin Azael \u00abN\u00bb, de 15 a\u00f1os, fueron interceptados por la polic\u00eda en la Guerrero, alcald\u00eda Cuauht\u00e9moc, frente al n\u00famero 30 de la calle Lerdo, cuando los agentes notaron su nerviosismo al transportar una maleta\u00a0en donde se asomaba una cabeza humana.<\/p>\n<p>Posteriormente, las autoridades realizaron un seguimiento, ayudados por las c\u00e1maras de seguridad, hasta llegar a una vecindad. Ah\u00ed se ubic\u00f3 un departamento abandonado de donde presuntamente fueron sacados los restos.<\/p>\n<p>Al respecto, Jos\u00e9 Rodrigo \u2018N\u2019 declar\u00f3 que se les ofreci\u00f3 el pago de 2 mil pesos por trasladar la maleta a un basurero cercano.<\/p>\n<p>El hecho ocurre a dos semanas de que fueran hallados los restos de Yahir y H\u00e9ctor,\u00a0tambi\u00e9n menores de 14 a\u00f1os, fueron metidos en bolsas negras y luego en un bote y una caja, y eran llevados por un hombre que fue detenido entre las calles Rep\u00fablica de Chile y Belisario Dom\u00ednguez, en la misma alcald\u00eda donde hallaron a Alessandro en una maleta.<\/p>\n<div class=\"pinno-author-info-wrap left relative\">\n<div class=\"pinno-author-info-thumb left relative\"><em>Con informaci\u00f3n de Noticiasenlamira.com<\/em><\/div>\n<\/div>\n","protected":false},"excerpt":{"rendered":"<p>*Alessandro \u00abN\u00bb, es la v\u00edctima fue subida a la fuerza a un taxi el 10 de noviembre CdMx.- Alessandro \u2018N\u2019, un\u00a0menor de 14 a\u00f1os, fue identificado como la v\u00edctima cuyos restos fueron hallados esta ma\u00f1ana en la\u00a0Colonia Guerrero, dentro de una maleta que era transportada por dos sujetos, tambi\u00e9n menores de edad. Fue ayer, 10&#8230;<\/p>\n","protected":false},"author":2,"featured_media":13478,"comment_status":"open","ping_status":"open","sticky":false,"template":"","format":"standard","meta":{"footnotes":""},"categories":[13],"tags":[29,30,28],"class_list":["post-13477","post","type-post","status-publish","format-standard","has-post-thumbnail","hentry","category-nacion-y-mundo","tag-grid","tag-news","tag-slider"],"_links":{"self":[{"href":"http:\/\/elobservatorio.com.mx\/index.php?rest_route=\/wp\/v2\/posts\/13477"}],"collection":[{"href":"http:\/\/elobservatorio.com.mx\/index.php?rest_route=\/wp\/v2\/posts"}],"about":[{"href":"http:\/\/elobservatorio.com.mx\/index.php?rest_route=\/wp\/v2\/types\/post"}],"author":[{"embeddable":true,"href":"http:\/\/elobservatorio.com.mx\/index.php?rest_route=\/wp\/v2\/users\/2"}],"replies":[{"embeddable":true,"href":"http:\/\/elobservatorio.com.mx\/index.php?rest_route=%2Fwp%2Fv2%2Fcomments&post=13477"}],"version-history":[{"count":0,"href":"http:\/\/elobservatorio.com.mx\/index.php?rest_route=\/wp\/v2\/posts\/13477\/revisions"}],"wp:featuredmedia":[{"embeddable":true,"href":"http:\/\/elobservatorio.com.mx\/index.php?rest_route=\/wp\/v2\/media\/13478"}],"wp:attachment":[{"href":"http:\/\/elobservatorio.com.mx\/index.php?rest_route=%2Fwp%2Fv2%2Fmedia&parent=13477"}],"wp:term":[{"taxonomy":"category","embeddable":true,"href":"http:\/\/elobservatorio.com.mx\/index.php?rest_route=%2Fwp%2Fv2%2Fcategories&post=13477"},{"taxonomy":"post_tag","embeddable":true,"href":"http:\/\/elobservatorio.com.mx\/index.php?rest_route=%2Fwp%2Fv2%2Ftags&post=13477"}],"curies":[{"name":"wp","href":"https:\/\/api.w.org\/{rel}","templated":true}]}}