{"id":13514,"date":"2020-11-14T15:19:09","date_gmt":"2020-11-14T21:19:09","guid":{"rendered":"http:\/\/elobservatorio.com.mx\/?p=13514"},"modified":"2020-11-14T15:19:09","modified_gmt":"2020-11-14T21:19:09","slug":"captura-fge-colima-a-secuestrador-su-victima-era-un-menor-extranjero","status":"publish","type":"post","link":"http:\/\/elobservatorio.com.mx\/?p=13514","title":{"rendered":"Captura FGE Colima a secuestrador; su v\u00edctima era un menor extranjero"},"content":{"rendered":"<p><em>*La v\u00edctima menor de edad fue rescatada el pasado 9 de noviembre<\/em><br \/>\n<em>*Embajador de Italia en M\u00e9xico reconoce labor de la Unidad Especializada en Combate al delito de Secuestro de la FGE del Estado de Colima en el rescate<\/em><br \/>\n<em>*En el operativo participaron la CONASE y la Fiscal\u00eda de Zacatecas<\/em><\/p>\n<p>Derivado del trabajo de investigaci\u00f3n e inteligencia de la Unidad Especializada en Combate al delito de Secuestro de la Fiscal\u00eda General del Estado de Colima (FGE), y mediante un fuerte operativo donde participaron personal t\u00e1ctico y operativo de la Coordinaci\u00f3n Nacional Antisecuestro (CONASE) y la Fiscal\u00eda del Estado de Zacatecas, se logr\u00f3 el rescate del menor de edad de nacionalidad extranjera el pasado 9 de noviembre del presente a\u00f1o en una zona cerril del puerto de Manzanillo.<\/p>\n<p>Las investigaciones realizadas dieron suficientes datos de prueba para que la FGE solicitara y cumplimentara la orden de aprehensi\u00f3n en contra de uno de los part\u00edcipes en este hecho, quien junto con otras personas, a finales del mes de octubre, privaron de la libertad a un menor de edad, en hechos ocurridos en el municipio de Manzanillo.<\/p>\n<p>De acuerdo a la carpeta de investigaci\u00f3n, el menor de nacionalidad italiana fue capturado por tres hombres en el Ejido Francisco Villa cuando sali\u00f3 a una tienda de autoservicio en compa\u00f1\u00eda de algunos amigos.<\/p>\n<p>Gracias a las indagatorias, el menor fue rescatado por los agentes de la Unidad Especializada en Combate al Secuestro y polic\u00edas investigadores de la FGE tras 12 d\u00edas de cautiverio.<\/p>\n<p>Tras el rescate, el embajador de Italia en M\u00e9xico, Fabio Toticchi reconoci\u00f3 la labor de la Fiscal\u00eda General del Estado de Colima por el rescate del menor y por la detenci\u00f3n de uno de los secuestradores.<\/p>\n<p>En tanto, uno de los imputados ya se encuentra en prisi\u00f3n preventiva oficiosa como medida cautelar impuesta por el juez, a fin de dar continuidad con el proceso jurisdiccional y fincar responsabilidades.<\/p>\n<p>Cabe se\u00f1alar que la Unidad Especializada en Combate al Secuestro (UECS) de la Fiscal\u00eda General del Estado cuenta con personal y herramientas necesarias para dar frente a este delito, trabajando en coordinaci\u00f3n con diversas instituciones estatales, federales y organismos internacionales, lo que ha derivado en una mejor respuesta para combatir este delito.<\/p>\n<p>Es importante decir que la Fiscal\u00eda del Estado contin\u00faa trabajando en la indagatoria y persecuci\u00f3n de este delito, a fin de llegar al esclarecimiento del mismo y la captura de quienes son se\u00f1alados como responsables, con el objetivo de alcanzar la justicia y que no exista impunidad.<\/p>\n","protected":false},"excerpt":{"rendered":"<p>*La v\u00edctima menor de edad fue rescatada el pasado 9 de noviembre *Embajador de Italia en M\u00e9xico reconoce labor de la Unidad Especializada en Combate al delito de Secuestro de la FGE del Estado de Colima en el rescate *En el operativo participaron la CONASE y la Fiscal\u00eda de Zacatecas Derivado del trabajo de investigaci\u00f3n&#8230;<\/p>\n","protected":false},"author":2,"featured_media":13515,"comment_status":"open","ping_status":"open","sticky":false,"template":"","format":"standard","meta":{"footnotes":""},"categories":[15],"tags":[29,30,28],"class_list":["post-13514","post","type-post","status-publish","format-standard","has-post-thumbnail","hentry","category-seguridad-y-justicia","tag-grid","tag-news","tag-slider"],"_links":{"self":[{"href":"http:\/\/elobservatorio.com.mx\/index.php?rest_route=\/wp\/v2\/posts\/13514"}],"collection":[{"href":"http:\/\/elobservatorio.com.mx\/index.php?rest_route=\/wp\/v2\/posts"}],"about":[{"href":"http:\/\/elobservatorio.com.mx\/index.php?rest_route=\/wp\/v2\/types\/post"}],"author":[{"embeddable":true,"href":"http:\/\/elobservatorio.com.mx\/index.php?rest_route=\/wp\/v2\/users\/2"}],"replies":[{"embeddable":true,"href":"http:\/\/elobservatorio.com.mx\/index.php?rest_route=%2Fwp%2Fv2%2Fcomments&post=13514"}],"version-history":[{"count":0,"href":"http:\/\/elobservatorio.com.mx\/index.php?rest_route=\/wp\/v2\/posts\/13514\/revisions"}],"wp:featuredmedia":[{"embeddable":true,"href":"http:\/\/elobservatorio.com.mx\/index.php?rest_route=\/wp\/v2\/media\/13515"}],"wp:attachment":[{"href":"http:\/\/elobservatorio.com.mx\/index.php?rest_route=%2Fwp%2Fv2%2Fmedia&parent=13514"}],"wp:term":[{"taxonomy":"category","embeddable":true,"href":"http:\/\/elobservatorio.com.mx\/index.php?rest_route=%2Fwp%2Fv2%2Fcategories&post=13514"},{"taxonomy":"post_tag","embeddable":true,"href":"http:\/\/elobservatorio.com.mx\/index.php?rest_route=%2Fwp%2Fv2%2Ftags&post=13514"}],"curies":[{"name":"wp","href":"https:\/\/api.w.org\/{rel}","templated":true}]}}