{"id":1353,"date":"2018-12-25T21:02:58","date_gmt":"2018-12-25T21:02:58","guid":{"rendered":"http:\/\/elobservatorio.com.mx\/25-de-diciembre-y-primero-de-enero-dias-de-descanso-obligatorio-setcol"},"modified":"2018-12-25T21:02:58","modified_gmt":"2018-12-25T21:02:58","slug":"25-de-diciembre-y-primero-de-enero-dias-de-descanso-obligatorio-setcol","status":"publish","type":"post","link":"http:\/\/elobservatorio.com.mx\/?p=1353","title":{"rendered":"25 de diciembre y primero de enero, d\u00edas de descanso obligatorio: Setcol"},"content":{"rendered":"<p class=\"x_MsoNormal\">De acuerdo al Art\u00edculo 74 la Ley Federal del Trabajo (LFT), el 25 de diciembre y primero de enero de 2019, son d\u00edas de descanso obligatorio, por esta raz\u00f3n quienes trabajen cualquiera de estas fechas deber\u00e1n recibir el pago doble por ese d\u00eda laboral, inform\u00f3 el secretario del Trabajo y Previsi\u00f3n Social, Vicente Reyna P\u00e9rez.<\/p>\n<p class=\"x_MsoNormal\">Explic\u00f3 que el Art\u00edculo 73 de la LFT, establece que los trabajadores no est\u00e1n obligados a prestar servicio en sus d\u00edas de descanso, sin embargo, en aquellos casos donde sea necesario que parte del personal labore, el empleador est\u00e1 obligado a cubrirle un salario doble independiente del salario que le corresponde por el descanso.<\/p>\n<p class=\"x_MsoNormal\">El funcionario estatal ejemplific\u00f3 lo anterior al se\u00f1alar que, si un trabajador recibe como salario diario 100 pesos, al trabajar cualquiera de estos dos d\u00edas de descanso obligatorio, deber\u00e1 recibir 200 pesos m\u00e1s, lo que suma 300 pesos por trabajar en estas fechas.<\/p>\n<p class=\"x_MsoNormal\">Reyna P\u00e9rez detall\u00f3 que estos acuerdos entre las partes deben negociarse previamente a fin de evitar malos entendidos y conflictos laborales.<\/p>\n<p class=\"x_MsoNormal\">A quienes no se les respete lo establecido por la Ley, podr\u00e1n acudir a la Procuradur\u00eda de la Defensa del Trabajo, donde se le brindar\u00e1 la asesor\u00eda que requieran.<\/p>\n<p class=\"x_MsoNormal\">En Colima las oficinas se localizan en Avenida Tecom\u00e1n 673-B, Colonia. Luis Donaldo Colosio y en Manzanillo en Avenida El\u00edas Zamora Verduzco S\/N en el Complejo Administrativo de Seguridad, Cuarto Modulo,<\/p>\n<p class=\"x_MsoNormal\">El horario de atenci\u00f3n del 20 de diciembre al 4 de enero del 2019 ser\u00e1 de las 9:00 a las 15 horas de lunes a viernes<\/p>\n","protected":false},"excerpt":{"rendered":"<p>De acuerdo al Art\u00edculo 74 la Ley Federal del Trabajo (LFT), el 25 de diciembre y primero de enero de 2019, son d\u00edas de descanso obligatorio, por esta raz\u00f3n quienes trabajen cualquiera de estas fechas deber\u00e1n recibir el pago doble por ese d\u00eda laboral, inform\u00f3 el secretario del Trabajo y Previsi\u00f3n Social, Vicente Reyna P\u00e9rez&#8230;.<\/p>\n","protected":false},"author":2,"featured_media":1354,"comment_status":"open","ping_status":"open","sticky":false,"template":"","format":"standard","meta":{"footnotes":""},"categories":[16],"tags":[29,30,28],"class_list":["post-1353","post","type-post","status-publish","format-standard","has-post-thumbnail","hentry","category-gobierno","tag-grid","tag-news","tag-slider"],"_links":{"self":[{"href":"http:\/\/elobservatorio.com.mx\/index.php?rest_route=\/wp\/v2\/posts\/1353"}],"collection":[{"href":"http:\/\/elobservatorio.com.mx\/index.php?rest_route=\/wp\/v2\/posts"}],"about":[{"href":"http:\/\/elobservatorio.com.mx\/index.php?rest_route=\/wp\/v2\/types\/post"}],"author":[{"embeddable":true,"href":"http:\/\/elobservatorio.com.mx\/index.php?rest_route=\/wp\/v2\/users\/2"}],"replies":[{"embeddable":true,"href":"http:\/\/elobservatorio.com.mx\/index.php?rest_route=%2Fwp%2Fv2%2Fcomments&post=1353"}],"version-history":[{"count":0,"href":"http:\/\/elobservatorio.com.mx\/index.php?rest_route=\/wp\/v2\/posts\/1353\/revisions"}],"wp:featuredmedia":[{"embeddable":true,"href":"http:\/\/elobservatorio.com.mx\/index.php?rest_route=\/wp\/v2\/media\/1354"}],"wp:attachment":[{"href":"http:\/\/elobservatorio.com.mx\/index.php?rest_route=%2Fwp%2Fv2%2Fmedia&parent=1353"}],"wp:term":[{"taxonomy":"category","embeddable":true,"href":"http:\/\/elobservatorio.com.mx\/index.php?rest_route=%2Fwp%2Fv2%2Fcategories&post=1353"},{"taxonomy":"post_tag","embeddable":true,"href":"http:\/\/elobservatorio.com.mx\/index.php?rest_route=%2Fwp%2Fv2%2Ftags&post=1353"}],"curies":[{"name":"wp","href":"https:\/\/api.w.org\/{rel}","templated":true}]}}