{"id":13614,"date":"2020-11-23T14:53:47","date_gmt":"2020-11-23T20:53:47","guid":{"rendered":"http:\/\/elobservatorio.com.mx\/?p=13614"},"modified":"2020-11-23T14:53:47","modified_gmt":"2020-11-23T20:53:47","slug":"destaca-rafael-mendoza-la-importancia-de-la-prevencion-de-la-salud","status":"publish","type":"post","link":"http:\/\/elobservatorio.com.mx\/?p=13614","title":{"rendered":"Destaca Rafael Mendoza la importancia de la prevenci\u00f3n de la salud"},"content":{"rendered":"<p><em>*En coordinaci\u00f3n del DIF Municipal Cuauht\u00e9moc y DIF Estatal, se realiza jornada \u201cCuidando la Salud de Pap\u00e1\u201d.<\/em><\/p>\n<p>En el marco del\u00a0 D\u00eda Internacional del Hombre, se llev\u00f3 a cabo en el municipio de Cuauht\u00e9moc, la jornada \u201cCuidando la salud de Pap\u00e1\u201d,\u00a0 a donde acudieron hombres provenientes de diversas comunidades a tomarse la muestra de ant\u00edgeno prost\u00e1tico para una detecci\u00f3n oportuna de c\u00e1ncer que permita una atenci\u00f3n oportuna si se llegan a detectar casos; y en su mensaje de recepci\u00f3n al personal del DIF Municipal y del DIF Estatal, adem\u00e1s de reconocer la buena coordinaci\u00f3n de ambas instituciones, el presidente municipal de Cuauht\u00e9moc, Rafael Mendoza, destac\u00f3 la importancia de la prevenci\u00f3n de la salud y felicit\u00f3 a quienes acudieron al llamado a aplicarse la muestra.<\/p>\n<p>El Alcalde Rafael Mendoza, ante la presidenta del DIF Municipal Cuauht\u00e9moc, Licenciada Marily Mendoza God\u00ednez; de la Presidenta del Patronato del DIF Estatal, Margarita Moreno Gonz\u00e1lez; y del doctor David Garc\u00eda, promotor del programa de Consultas a domicilio;\u00a0 destac\u00f3 el gran beneficio del programa, que ha permitido algunas detecciones oportunas y en consecuencia una atenci\u00f3n m\u00e9dica a tiempo, agregando que lo mejor es prevenir, cuidar de la salud.<\/p>\n<p>Tras de reconocer la buena coordinaci\u00f3n existente entre el DIF Municipal Cuauht\u00e9moc y el DIF Estatal, para llevar acciones de gran beneficio a las familias,\u00a0 calific\u00f3 de exitoso el programa Cuidando la Salud de Pap\u00e1 y expres\u00f3 su deseo de que\u00a0 este programa contin\u00fae trayendo beneficios a Cuauht\u00e9moc y a todo el estado de Colima.<\/p>\n","protected":false},"excerpt":{"rendered":"<p>*En coordinaci\u00f3n del DIF Municipal Cuauht\u00e9moc y DIF Estatal, se realiza jornada \u201cCuidando la Salud de Pap\u00e1\u201d. En el marco del\u00a0 D\u00eda Internacional del Hombre, se llev\u00f3 a cabo en el municipio de Cuauht\u00e9moc, la jornada \u201cCuidando la salud de Pap\u00e1\u201d,\u00a0 a donde acudieron hombres provenientes de diversas comunidades a tomarse la muestra de ant\u00edgeno&#8230;<\/p>\n","protected":false},"author":2,"featured_media":13615,"comment_status":"open","ping_status":"open","sticky":false,"template":"","format":"standard","meta":{"footnotes":""},"categories":[40,8],"tags":[29,30,28],"class_list":["post-13614","post","type-post","status-publish","format-standard","has-post-thumbnail","hentry","category-cuauhtemoc","category-municipios","tag-grid","tag-news","tag-slider"],"_links":{"self":[{"href":"http:\/\/elobservatorio.com.mx\/index.php?rest_route=\/wp\/v2\/posts\/13614"}],"collection":[{"href":"http:\/\/elobservatorio.com.mx\/index.php?rest_route=\/wp\/v2\/posts"}],"about":[{"href":"http:\/\/elobservatorio.com.mx\/index.php?rest_route=\/wp\/v2\/types\/post"}],"author":[{"embeddable":true,"href":"http:\/\/elobservatorio.com.mx\/index.php?rest_route=\/wp\/v2\/users\/2"}],"replies":[{"embeddable":true,"href":"http:\/\/elobservatorio.com.mx\/index.php?rest_route=%2Fwp%2Fv2%2Fcomments&post=13614"}],"version-history":[{"count":0,"href":"http:\/\/elobservatorio.com.mx\/index.php?rest_route=\/wp\/v2\/posts\/13614\/revisions"}],"wp:featuredmedia":[{"embeddable":true,"href":"http:\/\/elobservatorio.com.mx\/index.php?rest_route=\/wp\/v2\/media\/13615"}],"wp:attachment":[{"href":"http:\/\/elobservatorio.com.mx\/index.php?rest_route=%2Fwp%2Fv2%2Fmedia&parent=13614"}],"wp:term":[{"taxonomy":"category","embeddable":true,"href":"http:\/\/elobservatorio.com.mx\/index.php?rest_route=%2Fwp%2Fv2%2Fcategories&post=13614"},{"taxonomy":"post_tag","embeddable":true,"href":"http:\/\/elobservatorio.com.mx\/index.php?rest_route=%2Fwp%2Fv2%2Ftags&post=13614"}],"curies":[{"name":"wp","href":"https:\/\/api.w.org\/{rel}","templated":true}]}}