{"id":13633,"date":"2020-11-23T18:52:31","date_gmt":"2020-11-24T00:52:31","guid":{"rendered":"http:\/\/elobservatorio.com.mx\/?p=13633"},"modified":"2020-11-23T18:52:31","modified_gmt":"2020-11-24T00:52:31","slug":"planta-docente-de-los-bachilleratos-8-y-27-esencial-para-enfrentar-pandemia","status":"publish","type":"post","link":"http:\/\/elobservatorio.com.mx\/?p=13633","title":{"rendered":"Planta docente de los bachilleratos 8 y 27, esencial para enfrentar pandemia"},"content":{"rendered":"<p><em>*Rinden informes los directores de estos planteles, como parte de la rendici\u00f3n de cuentas que cada a\u00f1o realiza la Universidad de Colima.<\/em><\/p>\n<p>Al rendir cuentas ante el consejo t\u00e9cnico de su plantel, los directores de los bachilleratos 8 y 27 del campus Manzanillo de la Universidad de Colima, dieron a conocer las modificaciones que debieron hacer para enfrentar con \u00e9xito las situaci\u00f3n generada por la pandemia, as\u00ed como los logros alcanzados en este 2020.<\/p>\n<p>En ambos informes, representando al rector Jos\u00e9 Eduardo Hern\u00e1ndez Nava, estuvo presente Rafael Sol\u00eds Aguirre, delegado en Manzanillo.<\/p>\n<p>V\u00edctor Guti\u00e9rrez Matus, director del Bachillerato 8, ubicado en San Pedrito, extern\u00f3 que entre las adecuaciones curriculares derivadas del Programa de Continuidad Acad\u00e9mica, trabajaron en innovar y modificar estrategias de ense\u00f1anza-aprendizaje y en ser receptivos a los cambios.<\/p>\n<p>Destac\u00f3 que \u201cel compromiso de la planta docente fue completo, pues el 100% de ellos ha entregado el Programa de Actividades Tutoriales (PROACT)\u201d. Los profesores, dijo, para cumplir con las actividades esenciales y ofrecer un aprendizaje significativo, se apoyaron en plataformas y herramientas como EDUC, EVALUA-T, Classroom, Teams, Meet, Zoom y WhatsApp.<\/p>\n<p>Por \u00faltimo, dijo que se tuvo una retenci\u00f3n del 90.46% por cohorte y una tasa de aprobaci\u00f3n del 96.10%, mayor que el a\u00f1o pasado.<\/p>\n<p>En informe aparte, Pedro Ram\u00f3n G\u00f3mez L\u00f3pez, director del bachillerato 27, que se encuentra en el campus Santiago, mencion\u00f3 que la eficiencia terminal por cohorte de este a\u00f1o fue del 86.67% en alumnos del \u00e1rea general, mejorando en un 1.6% respecto al a\u00f1o pasado, y para los t\u00e9cnicos en contabilidad fue de 93.02%, \u201cque refleja un notable avance en comparaci\u00f3n con el 66.7% del 2019\u201d. De igual forma, destac\u00f3 la eficiencia de titulaci\u00f3n para este a\u00f1o, que fue del 20%, y el \u00edndice de deserci\u00f3n escolar, \u201cque se ha reducido considerablemente en los \u00faltimos a\u00f1os; en el presente a\u00f1o se tiene un registro del 1.91%\u201d.<\/p>\n<p>Para enfrentar mejor la situaci\u00f3n de confinamiento generada por la pandemia, dijo por \u00faltimo que \u201ccon el apoyo de las compa\u00f1eras Mar\u00eda Jos\u00e9 Mor\u00e1n Ibarra y Damara Josselin Jim\u00e9nez Armenta se impartieron micro cursos-taller sobre: Manejo de Zoom, Google Meet, Educ y Classroom para toda la comunidad docente, administrativa y directiva\u201d.<\/p>\n<p>&nbsp;<\/p>\n","protected":false},"excerpt":{"rendered":"<p>*Rinden informes los directores de estos planteles, como parte de la rendici\u00f3n de cuentas que cada a\u00f1o realiza la Universidad de Colima. Al rendir cuentas ante el consejo t\u00e9cnico de su plantel, los directores de los bachilleratos 8 y 27 del campus Manzanillo de la Universidad de Colima, dieron a conocer las modificaciones que debieron&#8230;<\/p>\n","protected":false},"author":2,"featured_media":13634,"comment_status":"open","ping_status":"open","sticky":false,"template":"","format":"standard","meta":{"footnotes":""},"categories":[14],"tags":[29,30,28],"class_list":["post-13633","post","type-post","status-publish","format-standard","has-post-thumbnail","hentry","category-educacion-y-cultura","tag-grid","tag-news","tag-slider"],"_links":{"self":[{"href":"http:\/\/elobservatorio.com.mx\/index.php?rest_route=\/wp\/v2\/posts\/13633"}],"collection":[{"href":"http:\/\/elobservatorio.com.mx\/index.php?rest_route=\/wp\/v2\/posts"}],"about":[{"href":"http:\/\/elobservatorio.com.mx\/index.php?rest_route=\/wp\/v2\/types\/post"}],"author":[{"embeddable":true,"href":"http:\/\/elobservatorio.com.mx\/index.php?rest_route=\/wp\/v2\/users\/2"}],"replies":[{"embeddable":true,"href":"http:\/\/elobservatorio.com.mx\/index.php?rest_route=%2Fwp%2Fv2%2Fcomments&post=13633"}],"version-history":[{"count":0,"href":"http:\/\/elobservatorio.com.mx\/index.php?rest_route=\/wp\/v2\/posts\/13633\/revisions"}],"wp:featuredmedia":[{"embeddable":true,"href":"http:\/\/elobservatorio.com.mx\/index.php?rest_route=\/wp\/v2\/media\/13634"}],"wp:attachment":[{"href":"http:\/\/elobservatorio.com.mx\/index.php?rest_route=%2Fwp%2Fv2%2Fmedia&parent=13633"}],"wp:term":[{"taxonomy":"category","embeddable":true,"href":"http:\/\/elobservatorio.com.mx\/index.php?rest_route=%2Fwp%2Fv2%2Fcategories&post=13633"},{"taxonomy":"post_tag","embeddable":true,"href":"http:\/\/elobservatorio.com.mx\/index.php?rest_route=%2Fwp%2Fv2%2Ftags&post=13633"}],"curies":[{"name":"wp","href":"https:\/\/api.w.org\/{rel}","templated":true}]}}