{"id":13683,"date":"2020-11-25T00:01:00","date_gmt":"2020-11-25T06:01:00","guid":{"rendered":"http:\/\/elobservatorio.com.mx\/?p=13683"},"modified":"2020-11-25T00:01:00","modified_gmt":"2020-11-25T06:01:00","slug":"antes-de-concluir-regidor-de-morena-en-tecoman-compra-flotilla-de-mototaxis","status":"publish","type":"post","link":"http:\/\/elobservatorio.com.mx\/?p=13683","title":{"rendered":"Antes de concluir, regidor de MORENA en Tecom\u00e1n compra flotilla de mototaxis"},"content":{"rendered":"<p><em>*El regidor que prometi\u00f3 ir con el proyecto de Naci\u00f3n de Andr\u00e9s Manuel L\u00f3pez Obrador de \u00abNo robar, no mentir, no traicionar\u00bb, ahora es saldr\u00e1 con una importante flotilla de 15 mototaxis, aprovechando su cargo y tambi\u00e9n que hasta el momento este servicio opere irregularmente en el municipio<\/em><\/p>\n<p>Tecom\u00e1n Col.- El regidor de MORENA en el cabildo tecomense, Angel Venegas, antes de concluir su periodo como mun\u00edcipe, aprovech\u00f3 el cargo para comprar una flotilla de 15 mototaxis con un valor de 90 mil pesos cada una, las cuales ya\u00a0 tiene en circulaci\u00f3n, aprovech\u00e1ndose del cargo para que estas no le\u00a0 sean detenidas por la Secretar\u00eda de Movilidad, ya que en Colima a\u00fan no est\u00e1 regularizado este servicio.<\/p>\n<p>Las 15 mototaxis se pueden identificar hasta el momento por estar pintadas de color amarillo con azul, en donde hasta los mismos choferes lo han evidenciado de que los trata, \u00abde \u00abnegreros\u00bb porque les paga una miseria y los quiere utilizar para que se presten a hacerles trabajo pol\u00edtico sucio de forma gratuita en las unidades\u00bb.<\/p>\n<p>Angel Venegas lleg\u00f3 aprovechando el lema del presidente de la rep\u00fablica, Andr\u00e9s Manuel L\u00f3pez Obrador, con su proyecto de naci\u00f3n de \u00abNo robar, no mentir, no traicionar\u00bb, y a un a\u00f1o de terminar su periodo ha adquirido propiedades y bienes que ha adquirido a tan solo dos a\u00f1os como regidor, siendo esta flotilla de 15 mototaxis su actual adquisici\u00f3n.<\/p>\n<p>Incluso, se ha metido en grave conflictos con otras organizaciones, generando a\u00fan m\u00e1s un desorden en el municipio. Angel Venegas, un regidor que ha sido se\u00f1alado por ir en contra de los principios de MORENA, sus hechos lo demuestran<\/p>\n<p>&nbsp;<\/p>\n","protected":false},"excerpt":{"rendered":"<p>*El regidor que prometi\u00f3 ir con el proyecto de Naci\u00f3n de Andr\u00e9s Manuel L\u00f3pez Obrador de \u00abNo robar, no mentir, no traicionar\u00bb, ahora es saldr\u00e1 con una importante flotilla de 15 mototaxis, aprovechando su cargo y tambi\u00e9n que hasta el momento este servicio opere irregularmente en el municipio Tecom\u00e1n Col.- El regidor de MORENA en&#8230;<\/p>\n","protected":false},"author":2,"featured_media":13684,"comment_status":"open","ping_status":"open","sticky":false,"template":"","format":"standard","meta":{"footnotes":""},"categories":[8,34],"tags":[29,30,28],"class_list":["post-13683","post","type-post","status-publish","format-standard","has-post-thumbnail","hentry","category-municipios","category-tecoman","tag-grid","tag-news","tag-slider"],"_links":{"self":[{"href":"http:\/\/elobservatorio.com.mx\/index.php?rest_route=\/wp\/v2\/posts\/13683"}],"collection":[{"href":"http:\/\/elobservatorio.com.mx\/index.php?rest_route=\/wp\/v2\/posts"}],"about":[{"href":"http:\/\/elobservatorio.com.mx\/index.php?rest_route=\/wp\/v2\/types\/post"}],"author":[{"embeddable":true,"href":"http:\/\/elobservatorio.com.mx\/index.php?rest_route=\/wp\/v2\/users\/2"}],"replies":[{"embeddable":true,"href":"http:\/\/elobservatorio.com.mx\/index.php?rest_route=%2Fwp%2Fv2%2Fcomments&post=13683"}],"version-history":[{"count":0,"href":"http:\/\/elobservatorio.com.mx\/index.php?rest_route=\/wp\/v2\/posts\/13683\/revisions"}],"wp:featuredmedia":[{"embeddable":true,"href":"http:\/\/elobservatorio.com.mx\/index.php?rest_route=\/wp\/v2\/media\/13684"}],"wp:attachment":[{"href":"http:\/\/elobservatorio.com.mx\/index.php?rest_route=%2Fwp%2Fv2%2Fmedia&parent=13683"}],"wp:term":[{"taxonomy":"category","embeddable":true,"href":"http:\/\/elobservatorio.com.mx\/index.php?rest_route=%2Fwp%2Fv2%2Fcategories&post=13683"},{"taxonomy":"post_tag","embeddable":true,"href":"http:\/\/elobservatorio.com.mx\/index.php?rest_route=%2Fwp%2Fv2%2Ftags&post=13683"}],"curies":[{"name":"wp","href":"https:\/\/api.w.org\/{rel}","templated":true}]}}