{"id":13689,"date":"2020-11-27T17:55:13","date_gmt":"2020-11-27T23:55:13","guid":{"rendered":"http:\/\/elobservatorio.com.mx\/?p=13689"},"modified":"2020-11-27T17:55:13","modified_gmt":"2020-11-27T23:55:13","slug":"se-mantienen-en-colima-los-protocolos-sanitarios-a-covid-19-secretaria-de-salud","status":"publish","type":"post","link":"http:\/\/elobservatorio.com.mx\/?p=13689","title":{"rendered":"Se mantienen en Colima los protocolos sanitarios a Covid-19: Secretar\u00eda de Salud"},"content":{"rendered":"<p class=\"x_MsoNormal\"><i>*Aunque cambie el color del sem\u00e1foro epidemiol\u00f3gico +Ayuntamientos se comprometieron apoyar la supervisi\u00f3n de los establecimientos<\/i><\/p>\n<p class=\"x_MsoNormal\">La Secretar\u00eda de Salud y Bienestar Social del Gobierno del Estado y la Red Colimense de Municipios por la Salud, informan que no obstante el pr\u00f3ximo cambio de color en el sem\u00e1foro epidemiol\u00f3gico de Covid-19, continuar\u00e1n los protocolos sanitarios en los establecimientos, por lo que autoridades estatales y municipales mantendr\u00e1n la supervisi\u00f3n para el cumplimiento de los mismos.<\/p>\n<p class=\"x_MsoNormal\">En el marco de la vig\u00e9sima quinta reuni\u00f3n extraordinaria de la Red Colimense que presidi\u00f3 la titular de la dependencia, Leticia Guadalupe Delgado Carrillo, los ayuntamientos acordaron apoyar en la supervisi\u00f3n que realiza la Comisi\u00f3n Estatal para la Protecci\u00f3n contra Riesgos Sanitarios (Coespris) en los establecimientos, ya que contin\u00faa el riesgo de contagio de Covid-19.<\/p>\n<p class=\"x_MsoNormal\">La Coespris puntualiza que con el cambio en el sem\u00e1foro epidemiol\u00f3gico de Covid-19, se podr\u00e1n aumentar los aforos en establecimientos que correspondan o espacios abiertos, pero seguir\u00e1n cerrados los de esparcimiento, culturales, recreativos y deportivos, as\u00ed como los servicios educativos, p\u00fablicos y privados.<\/p>\n<p class=\"x_MsoNormal\">\u00a0Se acord\u00f3 que los municipios gestionar\u00e1n ante autoridades de la Iglesia evitar las peregrinaciones por los festejos religiosos de diciembre, a fin de evitar las aglomeraciones de personas que representan un riesgo de contagio.<\/p>\n<p class=\"x_MsoNormal\">\u00a0En este sentido, la secretaria de Salud dijo que la estrategia \u201cEl ABCDE contra Covid-19\u201d ayudar\u00e1 a reducir el riesgo de contagio en diciembre pr\u00f3ximo y la cual se identifica como A de aseo para lavar y desinfectar las manos; B de barrera, utilizando cubrebocas, gafas o caretas; C de contaminado, para desinfectar superficies, utensilios y objetos de mayor uso; D de distancia, al menos de 1.5 metros entre una y otra persona, y E de espacios ventilados.<\/p>\n<p class=\"x_MsoNormal\">\u00a0En esta reuni\u00f3n virtual, Delgado Carrillo dio a conocer que instalar\u00e1 m\u00f3dulos de vacunaci\u00f3n contra la influenza para menores de 5 a\u00f1os, este s\u00e1bado 28 de noviembre y el 5 de diciembre pr\u00f3ximo (de 08:30 a 13:30 horas) en el cruce de la avenida San Fernando y calle General Silverio N\u00fa\u00f1ez en Colima, en los portales del centro de Tecom\u00e1n y en el mercado \u201cEl Colimense\u201d en Santiago (Manzanillo).<\/p>\n<p class=\"x_MsoNormal\">\n","protected":false},"excerpt":{"rendered":"<p>*Aunque cambie el color del sem\u00e1foro epidemiol\u00f3gico +Ayuntamientos se comprometieron apoyar la supervisi\u00f3n de los establecimientos La Secretar\u00eda de Salud y Bienestar Social del Gobierno del Estado y la Red Colimense de Municipios por la Salud, informan que no obstante el pr\u00f3ximo cambio de color en el sem\u00e1foro epidemiol\u00f3gico de Covid-19, continuar\u00e1n los protocolos sanitarios&#8230;<\/p>\n","protected":false},"author":2,"featured_media":13690,"comment_status":"open","ping_status":"open","sticky":false,"template":"","format":"standard","meta":{"footnotes":""},"categories":[9],"tags":[29,30,28],"class_list":["post-13689","post","type-post","status-publish","format-standard","has-post-thumbnail","hentry","category-agro-y-salud","tag-grid","tag-news","tag-slider"],"_links":{"self":[{"href":"http:\/\/elobservatorio.com.mx\/index.php?rest_route=\/wp\/v2\/posts\/13689"}],"collection":[{"href":"http:\/\/elobservatorio.com.mx\/index.php?rest_route=\/wp\/v2\/posts"}],"about":[{"href":"http:\/\/elobservatorio.com.mx\/index.php?rest_route=\/wp\/v2\/types\/post"}],"author":[{"embeddable":true,"href":"http:\/\/elobservatorio.com.mx\/index.php?rest_route=\/wp\/v2\/users\/2"}],"replies":[{"embeddable":true,"href":"http:\/\/elobservatorio.com.mx\/index.php?rest_route=%2Fwp%2Fv2%2Fcomments&post=13689"}],"version-history":[{"count":0,"href":"http:\/\/elobservatorio.com.mx\/index.php?rest_route=\/wp\/v2\/posts\/13689\/revisions"}],"wp:featuredmedia":[{"embeddable":true,"href":"http:\/\/elobservatorio.com.mx\/index.php?rest_route=\/wp\/v2\/media\/13690"}],"wp:attachment":[{"href":"http:\/\/elobservatorio.com.mx\/index.php?rest_route=%2Fwp%2Fv2%2Fmedia&parent=13689"}],"wp:term":[{"taxonomy":"category","embeddable":true,"href":"http:\/\/elobservatorio.com.mx\/index.php?rest_route=%2Fwp%2Fv2%2Fcategories&post=13689"},{"taxonomy":"post_tag","embeddable":true,"href":"http:\/\/elobservatorio.com.mx\/index.php?rest_route=%2Fwp%2Fv2%2Ftags&post=13689"}],"curies":[{"name":"wp","href":"https:\/\/api.w.org\/{rel}","templated":true}]}}