{"id":1372,"date":"2018-12-26T20:04:41","date_gmt":"2018-12-26T20:04:41","guid":{"rendered":"http:\/\/elobservatorio.com.mx\/entre-24-y-25-incremento-acumulacion-de-basura-en-un-15-mas"},"modified":"2018-12-26T20:04:41","modified_gmt":"2018-12-26T20:04:41","slug":"entre-24-y-25-incremento-acumulacion-de-basura-en-un-15-mas","status":"publish","type":"post","link":"http:\/\/elobservatorio.com.mx\/?p=1372","title":{"rendered":"Entre 24 y 25 increment\u00f3 acumulaci\u00f3n de basura en un 15 % m\u00e1s"},"content":{"rendered":"<p>H\u00e9ctor Aguirre Pacheco, Director de aseo p\u00fablico y residuos s\u00f3lidos adscrito a la Direcci\u00f3n General de Servicios P\u00fablicos Municipales, asegur\u00f3 en entrevista que durante los d\u00edas 24 y 25 de diciembre se trabaj\u00f3 de manera normal en la recolecci\u00f3n de basura, tanto en las colonias y comunidades, como en las playas del municipio.<\/p>\n<p>Apunt\u00f3 que durante los dos d\u00edas, se obtuvieron 380 toneladas de basura, es decir un 15% m\u00e1s de lo que se obtiene normalmente.<\/p>\n<p>Destac\u00f3 que el d\u00eda 25 debido a que se levantaron tarde los ciudadanos, en algunos puntos, no se alcanz\u00f3 a recoger la basura; pero por indicaciones del Presidente Municipal El\u00edas Antonio Lozano Ochoa, durante todo el mi\u00e9rcoles se trabaj\u00f3 en agilizar la recolecci\u00f3n en esas zonas, con la intenci\u00f3n de normalizar el servicio.<\/p>\n<p>Aguirre Pacheco abund\u00f3 que se pretende aplicar la misma din\u00e1mica durante el 31de diciembre y 01 de enero, en los horarios acostumbrados, para evitar en lo posible molestias a los ciudadanos.<\/p>\n<p>En el caso de las playas, asegur\u00f3 que la recolecci\u00f3n de basura se ha dado sin ning\u00fan contratiempo hasta el momento.<\/p>\n","protected":false},"excerpt":{"rendered":"<p>H\u00e9ctor Aguirre Pacheco, Director de aseo p\u00fablico y residuos s\u00f3lidos adscrito a la Direcci\u00f3n General de Servicios P\u00fablicos Municipales, asegur\u00f3 en entrevista que durante los d\u00edas 24 y 25 de diciembre se trabaj\u00f3 de manera normal en la recolecci\u00f3n de basura, tanto en las colonias y comunidades, como en las playas del municipio. Apunt\u00f3 que&#8230;<\/p>\n","protected":false},"author":2,"featured_media":1373,"comment_status":"open","ping_status":"open","sticky":false,"template":"","format":"standard","meta":{"footnotes":""},"categories":[8,34],"tags":[29,30,28],"class_list":["post-1372","post","type-post","status-publish","format-standard","has-post-thumbnail","hentry","category-municipios","category-tecoman","tag-grid","tag-news","tag-slider"],"_links":{"self":[{"href":"http:\/\/elobservatorio.com.mx\/index.php?rest_route=\/wp\/v2\/posts\/1372"}],"collection":[{"href":"http:\/\/elobservatorio.com.mx\/index.php?rest_route=\/wp\/v2\/posts"}],"about":[{"href":"http:\/\/elobservatorio.com.mx\/index.php?rest_route=\/wp\/v2\/types\/post"}],"author":[{"embeddable":true,"href":"http:\/\/elobservatorio.com.mx\/index.php?rest_route=\/wp\/v2\/users\/2"}],"replies":[{"embeddable":true,"href":"http:\/\/elobservatorio.com.mx\/index.php?rest_route=%2Fwp%2Fv2%2Fcomments&post=1372"}],"version-history":[{"count":0,"href":"http:\/\/elobservatorio.com.mx\/index.php?rest_route=\/wp\/v2\/posts\/1372\/revisions"}],"wp:featuredmedia":[{"embeddable":true,"href":"http:\/\/elobservatorio.com.mx\/index.php?rest_route=\/wp\/v2\/media\/1373"}],"wp:attachment":[{"href":"http:\/\/elobservatorio.com.mx\/index.php?rest_route=%2Fwp%2Fv2%2Fmedia&parent=1372"}],"wp:term":[{"taxonomy":"category","embeddable":true,"href":"http:\/\/elobservatorio.com.mx\/index.php?rest_route=%2Fwp%2Fv2%2Fcategories&post=1372"},{"taxonomy":"post_tag","embeddable":true,"href":"http:\/\/elobservatorio.com.mx\/index.php?rest_route=%2Fwp%2Fv2%2Ftags&post=1372"}],"curies":[{"name":"wp","href":"https:\/\/api.w.org\/{rel}","templated":true}]}}