{"id":13740,"date":"2020-11-30T12:03:21","date_gmt":"2020-11-30T18:03:21","guid":{"rendered":"http:\/\/elobservatorio.com.mx\/?p=13740"},"modified":"2020-11-30T12:03:21","modified_gmt":"2020-11-30T18:03:21","slug":"muestran-facultades-de-derecho-y-enfermeria-altos-resultados-en-examen-de-egreso-del-ceneval","status":"publish","type":"post","link":"http:\/\/elobservatorio.com.mx\/?p=13740","title":{"rendered":"Muestran facultades de Derecho y Enfermer\u00eda altos resultados en examen de egreso del CENEVAL"},"content":{"rendered":"<p><em>*El director de derecho y la directora de Enfermer\u00eda rindieron cuentas ante el consejo t\u00e9cnico de su respectivo plantel.<\/em><\/p>\n<p>Enoc Mor\u00e1n Torres, director de la Facultad de Derecho, y Glenda Guerrero Orozco, de la Facultad de Enfermer\u00eda, expusieron ante el consejo t\u00e9cnico de su plantel los retos que enfrentaron al frente de estos planteles durante el a\u00f1o.<\/p>\n<p>Al tomar la palabra, el director de la Facultad Derecho dijo que, ante la llegada de la pandemia, el plantel implement\u00f3 medidas para conocer la situaci\u00f3n personal, familiar y econ\u00f3mica de cada estudiante: \u201cDimos puntual seguimiento al proceso educativo de ellos y ellas y evitamos la deserci\u00f3n escolar y la reprobaci\u00f3n de materias\u201d.<\/p>\n<p>Explic\u00f3 que el plantel cuenta con tres programas en operaci\u00f3n: la Licenciatura en Derecho, la Maestr\u00eda en Derecho y el Doctorado Interinstitucional en Derecho. Asimismo, dijo que el doctorado se encuentra incorporado al Padr\u00f3n Nacional de Posgrados de Calidad (PNPC) del CONACyT, y que la maestr\u00eda se encuentra desde finales de 2019 en proceso de autoevaluaci\u00f3n con fines de revisi\u00f3n curricular y pertinencia acad\u00e9mica.<\/p>\n<p>Coment\u00f3 que en diciembre de 2019, la primera generaci\u00f3n del plan de estudios actual realiz\u00f3 el Examen General para el Egreso de la Licenciatura (EGEL), obteniendo la aprobaci\u00f3n del 92 por ciento de los 79 sustentantes, de los cuales 27 lograron Testimonio de Desempe\u00f1o Sobresaliente; 34, Satisfactorio, y s\u00f3lo seis, sin Testimonio.<\/p>\n<p>Agreg\u00f3 que varios de sus integrantes han participado, desde 2018, en el desarrollo del Congreso Internacional de Derecho que se organiza en coorganizaci\u00f3n con el Doctorado Interinstitucional de Derecho y la Sociedad de Alumnos e Instituciones de Educaci\u00f3n Superior de la regi\u00f3n y del pa\u00eds.<\/p>\n<p>Dijo que este a\u00f1o, el Despacho Jur\u00eddico de dicho plantel tuvo una reestructuraci\u00f3n en las actividades que desarrollan sus integrantes, pues a partir de este semestre, las y los estudiantes de tercer semestre en adelante podr\u00e1n incorporarse al quehacer del Bufete Jur\u00eddico, realizando alguna de las actividades en las siguientes \u00e1reas: Legislativa, Te\u00f3rica, Jurisprudencial, as\u00ed como de Litigio y Gesti\u00f3n.<\/p>\n<p>Por \u00faltimo, en cuanto a la atenci\u00f3n de usuarios, inform\u00f3 que el Bufete Jur\u00eddico est\u00e1 integrado por un responsable y dos abogados asesores, quienes atendieron a 105 usuarios, de los cuales a la fecha hay 76 procesos activos; de ellos, 68 son en materia familiar, dos en materia civil, dos en mercantil y cuatro en penal.<\/p>\n<p>En informe por separado, Glenda Guerrero Orozco inform\u00f3 que en diciembre del 2019 se aplic\u00f3 el Examen General de Egreso de Licenciatura a los 82 estudiantes de la generaci\u00f3n que sali\u00f3 en enero de 2020, \u201cobteniendo excelentes resultados, pues el 91 por ciento de los sustentantes aprobaron: seis obtuvieron premios CENEVAL por Desempe\u00f1o de Excelencia-EGEL\u201d. Adem\u00e1s, continu\u00f3, \u201ccon estos datos el plantel demuestra su trabajo acad\u00e9mico al lograr por cuarta vez posicionar su programa dentro del padr\u00f3n IDAP-1 del CENEVAL\u201d.<\/p>\n<p>Coment\u00f3 que en este a\u00f1o culminaron las actividades curriculares para ofrecer el programa de Especialidad en Administraci\u00f3n y Docencia de los Servicios de Enfermer\u00eda, con el cual suman ya dos programas de especialidades que imparte el plantel; adem\u00e1s, imparte la Licenciatura en Enfermer\u00eda y el programa de nivelaci\u00f3n de licenciatura, que se dirige a personal de salud que ya labora en instituciones y cuenta solamente con estudios t\u00e9cnicos.<\/p>\n<p>Destac\u00f3 que quienes realizan el Servicio Social Constitucional contin\u00faan sus actividades de formaci\u00f3n en instituciones de salud; sin embargo, precis\u00f3, \u201ccomo medida para cuidar su salud, se canalizaron a servicios y \u00e1reas libres de agentes contaminantes como el COVID-19; a pesar de esto, contribuyen en buen manera a los servicios de salud que son prioridad en este momento\u201d.<\/p>\n<p>Agreg\u00f3 que el plantel cuenta con un total de siete Profesores de Tiempo Completo (PTC), de los cuales dos tienen doctorado y cinco el grado de maestr\u00eda, y que se encuentran inscritos en Cuerpos Acad\u00e9micos reconocidos por el PRODEP.<\/p>\n<p>Por \u00faltimo, dijo que durante el a\u00f1o trabajaron en la vinculaci\u00f3n con los sectores de salud p\u00fablico y privado, dando respuesta a la necesidad de capacitaci\u00f3n e incremento de nivel acad\u00e9mico de los trabajadores de dichas instituciones.<\/p>\n","protected":false},"excerpt":{"rendered":"<p>*El director de derecho y la directora de Enfermer\u00eda rindieron cuentas ante el consejo t\u00e9cnico de su respectivo plantel. Enoc Mor\u00e1n Torres, director de la Facultad de Derecho, y Glenda Guerrero Orozco, de la Facultad de Enfermer\u00eda, expusieron ante el consejo t\u00e9cnico de su plantel los retos que enfrentaron al frente de estos planteles durante&#8230;<\/p>\n","protected":false},"author":2,"featured_media":13741,"comment_status":"open","ping_status":"open","sticky":false,"template":"","format":"standard","meta":{"footnotes":""},"categories":[14],"tags":[29,30,28],"class_list":["post-13740","post","type-post","status-publish","format-standard","has-post-thumbnail","hentry","category-educacion-y-cultura","tag-grid","tag-news","tag-slider"],"_links":{"self":[{"href":"http:\/\/elobservatorio.com.mx\/index.php?rest_route=\/wp\/v2\/posts\/13740"}],"collection":[{"href":"http:\/\/elobservatorio.com.mx\/index.php?rest_route=\/wp\/v2\/posts"}],"about":[{"href":"http:\/\/elobservatorio.com.mx\/index.php?rest_route=\/wp\/v2\/types\/post"}],"author":[{"embeddable":true,"href":"http:\/\/elobservatorio.com.mx\/index.php?rest_route=\/wp\/v2\/users\/2"}],"replies":[{"embeddable":true,"href":"http:\/\/elobservatorio.com.mx\/index.php?rest_route=%2Fwp%2Fv2%2Fcomments&post=13740"}],"version-history":[{"count":0,"href":"http:\/\/elobservatorio.com.mx\/index.php?rest_route=\/wp\/v2\/posts\/13740\/revisions"}],"wp:featuredmedia":[{"embeddable":true,"href":"http:\/\/elobservatorio.com.mx\/index.php?rest_route=\/wp\/v2\/media\/13741"}],"wp:attachment":[{"href":"http:\/\/elobservatorio.com.mx\/index.php?rest_route=%2Fwp%2Fv2%2Fmedia&parent=13740"}],"wp:term":[{"taxonomy":"category","embeddable":true,"href":"http:\/\/elobservatorio.com.mx\/index.php?rest_route=%2Fwp%2Fv2%2Fcategories&post=13740"},{"taxonomy":"post_tag","embeddable":true,"href":"http:\/\/elobservatorio.com.mx\/index.php?rest_route=%2Fwp%2Fv2%2Ftags&post=13740"}],"curies":[{"name":"wp","href":"https:\/\/api.w.org\/{rel}","templated":true}]}}