{"id":13744,"date":"2020-12-01T14:29:37","date_gmt":"2020-12-01T20:29:37","guid":{"rendered":"http:\/\/elobservatorio.com.mx\/?p=13744"},"modified":"2020-12-01T14:29:37","modified_gmt":"2020-12-01T20:29:37","slug":"los-problemas-de-tecoman-no-se-resolveran-con-ocurrencias-o-reparto-de-dadivas-cesar-villa","status":"publish","type":"post","link":"http:\/\/elobservatorio.com.mx\/?p=13744","title":{"rendered":"Los problemas de Tecom\u00e1n no se resolver\u00e1n con ocurrencias o reparto de d\u00e1divas: C\u00e9sar Villa"},"content":{"rendered":"<p><em>*El arquitecto y militante panista, habl\u00f3 sobre los problemas a\u00f1ejos que tiene el municipio en varios rubros, los cuales han impactado negativamente en diversos sectores de la poblaci\u00f3n\u00a0<\/em><\/p>\n<p>Belisario Romero | El Observatorio<\/p>\n<p>[Primera de dos partes]<\/p>\n<p><em>Tecom\u00e1n Col<\/em>&#8211; Es importante conocer c\u00f3mo funciona la administraci\u00f3n p\u00fablica y conocer las diferentes responsabilidades a las que uno se enfrenta al momento en que llegas a la administraci\u00f3n, en esos t\u00e9rminos se expres\u00f3 el <strong>arquitecto y militante panista, C\u00e9sar Eduardo Villa Hinojosa<\/strong><\/p>\n<p>En una entrevista exclusiva con <strong>El Observatorio<\/strong>, <em>Villa Hinojosa<\/em> se\u00f1al\u00f3 que b\u00e1sicamente el municipio tiene entre sus m\u00e1s importantes obligaciones, es proveer servicios p\u00fablicos de calidad, como es alumbrado p\u00fablico, banquetas, vialidad, recolecci\u00f3n de basura, agua potable,\u00a0 drenaje, alcantarillado\u00a0 y una parte important\u00edsima es el\u00a0 desarrollo urbano que se va regulando a partir de los ordenamientos, la aplicaci\u00f3n de los reglamentos y las leyes dentro del municipio.<\/p>\n<blockquote><p><strong>\u00abcreo que s\u00ed es muy valioso hacer un an\u00e1lisis de estos diferentes segmentos, como tambi\u00e9n la seguridad, educaci\u00f3n y de qu\u00e9 manera el municipio puede incidir en la educaci\u00f3n,\u00a0 en la regulaci\u00f3n de diferentes tipos de actividades que nos obligan a tener una sana convivencia\u00bb.<\/strong><\/p><\/blockquote>\n<p>En ese sentido, coment\u00f3 que cada una de las dependencias del ayuntamiento tiene su funci\u00f3n, la direcci\u00f3n de obras p\u00fablicas est\u00e1 dedicada a darle mantenimiento a la infraestructura municipal como jardines, calles vialidades, todo lo que es la infraestructura f\u00edsica, la semaforizaci\u00f3n y nomenclatura le corresponde a vialidad, aunque hay ocasiones que se trabaja en conjunto, por eso es importante conocer c\u00f3mo se puede administrar en cada una de las direcciones para poder dar buenos resultados<\/p>\n<p><strong>PROBLEMAS DE SANEAMIENTO DE AGUAS<\/strong><\/p>\n<p>Dijo que actualmente tenemos una problem\u00e1tica muy marcada dentro del municipio que es el tema del tratamiento de las aguas,\u00a0 al final llegan las aguas negras a la planta de tratamiento que tiene una problem\u00e1tica seria en estos momentos\u00a0 y se derrama en gran parte al caudal que va al mar, desafortunadamente esto nos genera contaminaci\u00f3n pudiendo encontrar algunas soluciones que se pueden proponer, que no genera gasto tan fuerte y de alguna forma disminuye este impacto negativo.<\/p>\n<p><strong>RELLENO SANITARIO<\/strong><\/p>\n<p>Otro de los problemas, agreg\u00f3, es el tema de tratamiento de la basura, tenemos un problema fuerte de recolecci\u00f3n, no hay un esquema bien definido de c\u00f3mo se debe de recolectar la basura,\u00a0 tampoco se ha generado una cultura en los ciudadanos, por ejemplo sacarla a un horario definido, separarla,\u00a0 utilizar un m\u00e9todo para resolver el problema como en la administraci\u00f3n de El\u00edas Mart\u00ednez que el m\u00e9todo fue muy claro con la instalaci\u00f3n de\u00a0 contenedores,\u00a0 si funcion\u00f3 o no, y lo que te conlleva es otra cosa, pero si tiene que haber una idea muy clara de c\u00f3mo manejar el tema de los residuos s\u00f3lidos.<\/p>\n<p><strong>MALOS OLORES POR TODO TECOMAN\u00a0<\/strong><\/p>\n<p>Otro de los problemas, lo vimos en Manzanillo y lo vemos aqu\u00ed en Tecom\u00e1n,\u00a0 por las noches emanan fuertes olores de lixiviados de basura,\u00a0 esto se da desafortunadamente porque no se est\u00e1 siguiendo el m\u00e9todo adecuado y completo para poder extender la basura y despu\u00e9s poner la capa que debe llevar encima protectora para evitar que estos olores se desprendan.<\/p>\n<p>\u00abCuando no se cubre con una capa superficial esos olores salen y se desparraman por todo Tecom\u00e1n por las\u00a0 noches las corrientes de aire dentro del municipio vienen del cerro hacia Tecom\u00e1n y el basurero est\u00e1 en el cerro, por eso todo el olor se viene a Tecom\u00e1n en la zona donde vivo que es en el Chamizal hay un fuerte olor por las noches a basura a los l\u00edquidos que desprende la basura, este tipo de problemas generan da\u00f1os hasta de salud, son temas que se tienen que atender con mucha puntualidad\u00bb.<\/p>\n<p><strong>PRIMERO EST\u00c1 LA SOLUCI\u00d3N A LOS PROBLEMAS\u00a0\u00a0<\/strong><\/p>\n<p>Cesar Villa agreg\u00f3 que hay otros temas importantes en donde nos tenemos que enfocar, temas que tiene que ver con la educaci\u00f3n,\u00a0 haciendo un an\u00e1lisis por encima\u00a0 tenemos el problema de los mercados, de la falta de estacionamientos, de la falta de aplicaci\u00f3n de los reglamentos.<\/p>\n<blockquote><p><b>Tecom\u00e1n realmente es un ente muy complejo y muchas personas pretenden resolverlo a ocurrencias o al reparto de d\u00e1divas, el reparto de d\u00e1divas no es otra cosa que una forma de generar cierto impacto medi\u00e1tico en la ciudadan\u00eda para llamar la atenci\u00f3n<\/b><\/p><\/blockquote>\n<p>A mi me gustar\u00eda m\u00e1s que pudi\u00e9ramos enfocarnos en los temas puntuales del municipio y empezar a hablar primero de la problem\u00e1tica y posteriormente hablar de las diferentes alternativas que hay,\u00a0 no es un tema de improvisaci\u00f3n ni de ocurrencias, se trata de conocer,\u00a0 tener el tiempo conociendo,\u00a0 de estar involucrado en la problem\u00e1tica de Tecom\u00e1n y en base a eso tener el conocimiento e informaci\u00f3n para poder tener las propuestas adecuadas para buscar la soluci\u00f3n de las mismas, asever\u00f3<\/p>\n<p><strong>VISI\u00d3N FUTURISTA\u00a0<\/strong><\/p>\n<p>Otro dato importante, abund\u00f3 el panista Tecom\u00e1n ha sido construido a partir de diferentes sectores de la poblaci\u00f3n y el d\u00eda de hoy nuestra ciudad est\u00e1 fincada en el trabajo de much\u00edsima gente, han llegado empresas a Tecom\u00e1n, gente de Tecom\u00e1n se ha puesto la camiseta y han logrado sacar adelante este municipio, es importante que lleguemos a integrar a todos esos sectores y podamos integrar una propuesta de futuro y no una propuesta de tres a\u00f1os, si no que en los pr\u00f3ximos diez, quince o veinte a\u00f1os podamos seguir esa ruta,\u00a0 podamos seguir esa gu\u00eda y enfocarnos poco a poco en resolver cada uno de esos problemas en el municipio.<\/p>\n<p><strong>CALIDAD DE VIDA\u00a0\u00a0<\/strong><\/p>\n<p>El tema de la obra y la infraestructura p\u00fablica m\u00e1s que el tema de la obra y la generaci\u00f3n de empleos, el impacto que genera la obra p\u00fablica dentro del municipio es diverso, aparte de ser un impacto econ\u00f3mico importante que viene a fortalecer la econom\u00eda familiar de alba\u00f1iles, pintores, electricistas, jardineros, lo que te imagines, aparte de esto desarrollas una infraestructura de calidad para que la gente tenga un mejor nivel de vida.<\/p>\n<p>\u00abSi t\u00fa tienes una calle que est\u00e1 alumbrada, con buenas banquetas, empedrada, vas a tener plusval\u00eda dentro de esa zona pero no nada m\u00e1s eso, vas a tener calidad de vida, vas a tener un jard\u00edn que le est\u00e1s dando buen mantenimiento\u00bb.<\/p>\n<p>Mencion\u00f3 que cuando construyes un jard\u00edn tienes un espacio p\u00fablico para que la gente salga y con la situaci\u00f3n del clima en Tecom\u00e1n es important\u00edsimo tener espacios y jardines donde puedas salir en las tardes y\u00a0 noches a generar una convivencia familiar,\u00a0 porque luego tienes problemas fuertes psicol\u00f3gicos por las viviendas tan peque\u00f1as que hay, aunado al calor\u00f3n que hace,\u00a0 donde no hay actividades y donde se empieza a generar hasta violencia a ra\u00edz de este ambiente que se genera de desesperaci\u00f3n. Entonces necesitamos tambi\u00e9n promover espacios\u00bb.<\/p>\n<p>Desafortunadamente hoy la prioridad del gobierno federal es dejar de lado la infraestructura p\u00fablica,\u00a0 en los a\u00f1os anteriores si el ayuntamiento pon\u00eda 50 millones de pesos para obra, el federal ponia otros 50 y el estado otros 50 y se hac\u00eda una suma de 150 millones de pesos, que es mucho mejor que ejecutar obra con 50 millones de pesos,\u00a0 mejoras infraestructura, generas empleos y un mont\u00f3n de ventajas de impacto positivo que traen estas actividades dentro del municipio.<\/p>\n<p><strong>&#8230;..Continuar\u00e1\u00a0\u00a0<\/strong><\/p>\n<p>&nbsp;<\/p>\n","protected":false},"excerpt":{"rendered":"<p>*El arquitecto y militante panista, habl\u00f3 sobre los problemas a\u00f1ejos que tiene el municipio en varios rubros, los cuales han impactado negativamente en diversos sectores de la poblaci\u00f3n\u00a0 Belisario Romero | El Observatorio [Primera de dos partes] Tecom\u00e1n Col&#8211; Es importante conocer c\u00f3mo funciona la administraci\u00f3n p\u00fablica y conocer las diferentes responsabilidades a las que&#8230;<\/p>\n","protected":false},"author":2,"featured_media":13745,"comment_status":"open","ping_status":"open","sticky":false,"template":"","format":"standard","meta":{"footnotes":""},"categories":[52,43],"tags":[29,30,28],"class_list":["post-13744","post","type-post","status-publish","format-standard","has-post-thumbnail","hentry","category-elecciones-2021","category-entrevista","tag-grid","tag-news","tag-slider"],"_links":{"self":[{"href":"http:\/\/elobservatorio.com.mx\/index.php?rest_route=\/wp\/v2\/posts\/13744"}],"collection":[{"href":"http:\/\/elobservatorio.com.mx\/index.php?rest_route=\/wp\/v2\/posts"}],"about":[{"href":"http:\/\/elobservatorio.com.mx\/index.php?rest_route=\/wp\/v2\/types\/post"}],"author":[{"embeddable":true,"href":"http:\/\/elobservatorio.com.mx\/index.php?rest_route=\/wp\/v2\/users\/2"}],"replies":[{"embeddable":true,"href":"http:\/\/elobservatorio.com.mx\/index.php?rest_route=%2Fwp%2Fv2%2Fcomments&post=13744"}],"version-history":[{"count":0,"href":"http:\/\/elobservatorio.com.mx\/index.php?rest_route=\/wp\/v2\/posts\/13744\/revisions"}],"wp:featuredmedia":[{"embeddable":true,"href":"http:\/\/elobservatorio.com.mx\/index.php?rest_route=\/wp\/v2\/media\/13745"}],"wp:attachment":[{"href":"http:\/\/elobservatorio.com.mx\/index.php?rest_route=%2Fwp%2Fv2%2Fmedia&parent=13744"}],"wp:term":[{"taxonomy":"category","embeddable":true,"href":"http:\/\/elobservatorio.com.mx\/index.php?rest_route=%2Fwp%2Fv2%2Fcategories&post=13744"},{"taxonomy":"post_tag","embeddable":true,"href":"http:\/\/elobservatorio.com.mx\/index.php?rest_route=%2Fwp%2Fv2%2Ftags&post=13744"}],"curies":[{"name":"wp","href":"https:\/\/api.w.org\/{rel}","templated":true}]}}