{"id":13747,"date":"2020-12-01T15:01:31","date_gmt":"2020-12-01T21:01:31","guid":{"rendered":"http:\/\/elobservatorio.com.mx\/?p=13747"},"modified":"2020-12-01T15:01:31","modified_gmt":"2020-12-01T21:01:31","slug":"policia-investigadora-detiene-a-hombre-por-robo-equiparado-en-tecoman","status":"publish","type":"post","link":"http:\/\/elobservatorio.com.mx\/?p=13747","title":{"rendered":"Polic\u00eda Investigadora detiene a hombre por robo equiparado, en Tecom\u00e1n"},"content":{"rendered":"<p><em>*Es imputado por conducir un veh\u00edculo robado<\/em><\/p>\n<p>La Polic\u00eda Investigadora de la Fiscal\u00eda General del Estado (FGE), cumpliment\u00f3 una orden de aprehensi\u00f3n girada por un juez en contra de un hombre por el delito de robo equiparado en agravio de quien acredite la propiedad.<\/p>\n<p>De acuerdo a la carpeta de investigaci\u00f3n, dicha persona fue detenida en flagrancia cuando agentes de la Polic\u00eda Investigadora recibieron el reporte de que por arco Repuve ubicado por la carretera Tecom\u00e1n &#8211; Cerro de Ortega circul\u00f3 un veh\u00edculo marca Nissan, color Blanco, con placas del Estado de Colima, el cual contaba con reporte de robo vigente y que se dirig\u00eda hacia Cerro de Ortega, por este motivo elementos de la Polic\u00eda Investigadora dieron persecuci\u00f3n al veh\u00edculo el cual circulaba a exceso de velocidad hasta la entrada a dicha poblaci\u00f3n, donde el conductor abandon\u00f3 la unidad y se dio a la fuga pie tierra siendo detenido posteriormente por los agentes de la FGE.<\/p>\n<p>Una vez detenido fue puesto a disposici\u00f3n del \u00f3rgano jurisdiccional competente; ante la negativa a presentarse ante el Juez para continuar con el procedimiento, se le ejecut\u00f3 una orden de aprehensi\u00f3n y ya se encuentra en prisi\u00f3n preventiva.<\/p>\n<p>En este sentido, la Fiscal\u00eda de Colima trabaja en la persecuci\u00f3n y esclarecimiento de estos delitos que afectan el patrimonio de la poblaci\u00f3n en general, priorizando siempre la reparaci\u00f3n del da\u00f1o y la justicia en favor de las v\u00edctimas.<\/p>\n<p>Para continuar avanzando en esta tarea, las instituciones de Seguridad y de Procuraci\u00f3n de Justicia requieren el apoyo de la sociedad a trav\u00e9s de sus denuncias an\u00f3nimas a la l\u00ednea 089 y el reporte de las emergencias al 911; por ello se exhorta a seguirlas realizando de manera responsable.<\/p>\n","protected":false},"excerpt":{"rendered":"<p>*Es imputado por conducir un veh\u00edculo robado La Polic\u00eda Investigadora de la Fiscal\u00eda General del Estado (FGE), cumpliment\u00f3 una orden de aprehensi\u00f3n girada por un juez en contra de un hombre por el delito de robo equiparado en agravio de quien acredite la propiedad. De acuerdo a la carpeta de investigaci\u00f3n, dicha persona fue detenida&#8230;<\/p>\n","protected":false},"author":2,"featured_media":13748,"comment_status":"open","ping_status":"open","sticky":false,"template":"","format":"standard","meta":{"footnotes":""},"categories":[15],"tags":[29,30,28],"class_list":["post-13747","post","type-post","status-publish","format-standard","has-post-thumbnail","hentry","category-seguridad-y-justicia","tag-grid","tag-news","tag-slider"],"_links":{"self":[{"href":"http:\/\/elobservatorio.com.mx\/index.php?rest_route=\/wp\/v2\/posts\/13747"}],"collection":[{"href":"http:\/\/elobservatorio.com.mx\/index.php?rest_route=\/wp\/v2\/posts"}],"about":[{"href":"http:\/\/elobservatorio.com.mx\/index.php?rest_route=\/wp\/v2\/types\/post"}],"author":[{"embeddable":true,"href":"http:\/\/elobservatorio.com.mx\/index.php?rest_route=\/wp\/v2\/users\/2"}],"replies":[{"embeddable":true,"href":"http:\/\/elobservatorio.com.mx\/index.php?rest_route=%2Fwp%2Fv2%2Fcomments&post=13747"}],"version-history":[{"count":0,"href":"http:\/\/elobservatorio.com.mx\/index.php?rest_route=\/wp\/v2\/posts\/13747\/revisions"}],"wp:featuredmedia":[{"embeddable":true,"href":"http:\/\/elobservatorio.com.mx\/index.php?rest_route=\/wp\/v2\/media\/13748"}],"wp:attachment":[{"href":"http:\/\/elobservatorio.com.mx\/index.php?rest_route=%2Fwp%2Fv2%2Fmedia&parent=13747"}],"wp:term":[{"taxonomy":"category","embeddable":true,"href":"http:\/\/elobservatorio.com.mx\/index.php?rest_route=%2Fwp%2Fv2%2Fcategories&post=13747"},{"taxonomy":"post_tag","embeddable":true,"href":"http:\/\/elobservatorio.com.mx\/index.php?rest_route=%2Fwp%2Fv2%2Ftags&post=13747"}],"curies":[{"name":"wp","href":"https:\/\/api.w.org\/{rel}","templated":true}]}}