{"id":13817,"date":"2020-12-02T22:06:04","date_gmt":"2020-12-03T04:06:04","guid":{"rendered":"http:\/\/elobservatorio.com.mx\/?p=13817"},"modified":"2020-12-02T22:06:04","modified_gmt":"2020-12-03T04:06:04","slug":"crean-ciclovias-emergentes-en-tecoman","status":"publish","type":"post","link":"http:\/\/elobservatorio.com.mx\/?p=13817","title":{"rendered":"Crean ciclov\u00edas emergentes en Tecom\u00e1n"},"content":{"rendered":"<p class=\"x_MsoNormal\">La Secretar\u00eda de Movilidad en coordinaci\u00f3n con el Ayuntamiento de Tecom\u00e1n, realizaron la marcaci\u00f3n y delimitaci\u00f3n de espacios exclusivos para el tr\u00e1nsito de veh\u00edculos no motorizados en la zona centro del municipio, con la finalidad de evidenciar la necesidad de espacios para quienes se mueven en bicicletas y otros veh\u00edculos de propulsi\u00f3n humana.<\/p>\n<p class=\"x_MsoNormal\">Las Ciclov\u00edas emergentes son una medida temporal para delimitar los espacios entre los autom\u00f3viles, bicicletas y dem\u00e1s veh\u00edculos no motorizados, como patinetas, scooter y patines, con esto se genera un margen seguro para este tipo de veh\u00edculos.<\/p>\n<p class=\"x_MsoNormal\">De esta manera, se incentiva y promueve una movilidad no motorizada, a trav\u00e9s de medios de transporte limpios, amigables con el medio ambiente, adem\u00e1s de incentivar la actividad f\u00edsica de las personas, sin dejar de lado que estos desplazamientos son una opci\u00f3n econ\u00f3mica.<\/p>\n<p class=\"x_MsoNormal\">Estas nuevas ciclov\u00edas emergentes se suman a otros espacios en el municipio de Tecom\u00e1n, que se conectan entre s\u00ed en una red cicliclista de m\u00e1s de 30 kil\u00f3metros, permitiendo a la ciudadan\u00eda realizar traslados en bicicletas, scooters, patinetas y otros veh\u00edculos que no requieren de un motor para su funcionamiento.<\/p>\n<p class=\"x_MsoNormal\">La implementaci\u00f3n y arranque de este programa, se realiz\u00f3 en el municipio de Tecom\u00e1n, que es el municipio con mayor cantidad de viajes ciclistas en todo el estado, ya que acuerdo al Plan Integral de Movilidad Urbana Sustentable del a\u00f1o 2019, en Tecom\u00e1n diariamente se realizan cerca de 19 mil viajes en bicicleta.<\/p>\n<p class=\"x_MsoNormal\">Con esta obra, se busca conectar con la ciclov\u00eda hacia Boca de Pascuales y con dos ciclov\u00edas m\u00e1s que actualmente se encuentran en proceso de construcci\u00f3n, que fueron seleccionadas para desarrollarse a trav\u00e9s del Fondo Metropolitano, gracias al potencial que ofrece esta zona.<\/p>\n<p class=\"x_MsoNormal\">Al evento de arranque de las Ciclov\u00edas emergentes asistieron Rafael Mart\u00ednez Brun, secretario de Movilidad; El\u00edas Lozano Ochoa, presidente municipal de Tecom\u00e1n; entre otros funcionarios.<\/p>\n","protected":false},"excerpt":{"rendered":"<p>La Secretar\u00eda de Movilidad en coordinaci\u00f3n con el Ayuntamiento de Tecom\u00e1n, realizaron la marcaci\u00f3n y delimitaci\u00f3n de espacios exclusivos para el tr\u00e1nsito de veh\u00edculos no motorizados en la zona centro del municipio, con la finalidad de evidenciar la necesidad de espacios para quienes se mueven en bicicletas y otros veh\u00edculos de propulsi\u00f3n humana. Las Ciclov\u00edas&#8230;<\/p>\n","protected":false},"author":2,"featured_media":13818,"comment_status":"open","ping_status":"open","sticky":false,"template":"","format":"standard","meta":{"footnotes":""},"categories":[16],"tags":[29,30,28],"class_list":["post-13817","post","type-post","status-publish","format-standard","has-post-thumbnail","hentry","category-gobierno","tag-grid","tag-news","tag-slider"],"_links":{"self":[{"href":"http:\/\/elobservatorio.com.mx\/index.php?rest_route=\/wp\/v2\/posts\/13817"}],"collection":[{"href":"http:\/\/elobservatorio.com.mx\/index.php?rest_route=\/wp\/v2\/posts"}],"about":[{"href":"http:\/\/elobservatorio.com.mx\/index.php?rest_route=\/wp\/v2\/types\/post"}],"author":[{"embeddable":true,"href":"http:\/\/elobservatorio.com.mx\/index.php?rest_route=\/wp\/v2\/users\/2"}],"replies":[{"embeddable":true,"href":"http:\/\/elobservatorio.com.mx\/index.php?rest_route=%2Fwp%2Fv2%2Fcomments&post=13817"}],"version-history":[{"count":0,"href":"http:\/\/elobservatorio.com.mx\/index.php?rest_route=\/wp\/v2\/posts\/13817\/revisions"}],"wp:featuredmedia":[{"embeddable":true,"href":"http:\/\/elobservatorio.com.mx\/index.php?rest_route=\/wp\/v2\/media\/13818"}],"wp:attachment":[{"href":"http:\/\/elobservatorio.com.mx\/index.php?rest_route=%2Fwp%2Fv2%2Fmedia&parent=13817"}],"wp:term":[{"taxonomy":"category","embeddable":true,"href":"http:\/\/elobservatorio.com.mx\/index.php?rest_route=%2Fwp%2Fv2%2Fcategories&post=13817"},{"taxonomy":"post_tag","embeddable":true,"href":"http:\/\/elobservatorio.com.mx\/index.php?rest_route=%2Fwp%2Fv2%2Ftags&post=13817"}],"curies":[{"name":"wp","href":"https:\/\/api.w.org\/{rel}","templated":true}]}}