{"id":13820,"date":"2020-12-03T00:56:33","date_gmt":"2020-12-03T06:56:33","guid":{"rendered":"http:\/\/elobservatorio.com.mx\/?p=13820"},"modified":"2020-12-03T01:02:58","modified_gmt":"2020-12-03T07:02:58","slug":"hay-personas-que-han-sido-malos-politicos-y-servidores-pero-siguen-votando-por-ellos-c-villa","status":"publish","type":"post","link":"http:\/\/elobservatorio.com.mx\/?p=13820","title":{"rendered":"Sindicato ya no se debe usar para justificar ineptitud: C\u00e9sar Villa"},"content":{"rendered":"<p><em>*\u00daltimamente los alcaldes culpan al sindicato que no hicieron o no hacen nada porque seg\u00fan ellos\u00a0se llevan todo el dinero, son incongruentes porque actualmente hay regidores que ganan mucho y no lo desquitan.<\/em><\/p>\n<p><em>* Estoy preparado para participar en este proceso electoral, para poder aportar y dar soluci\u00f3n a los problemas del municipio<\/em><\/p>\n<p>Belisario Romero | El Observatorio<\/p>\n<p>[Segunda y \u00faltima parte]<\/p>\n<p>Les dejamos la segunda y \u00faltima parte de la entrevista que el <strong>Arquitecto y militante panista, C\u00e9sar Eduardo Villa Hinojosa<\/strong>,\u00a0 nos concedi\u00f3 a este medio de comunicaci\u00f3n, en donde\u00a0 nos habl\u00f3 sobre temas de inter\u00e9s general que se necesitan resolver en Tecom\u00e1n, con capacidad y voluntad pol\u00edtica<\/p>\n<p><strong>DERRAMA ECON\u00d3MICA PESE A NO HABER PROMOCI\u00d3N TUR\u00cdSTICA\u00a0<\/strong><\/p>\n<p>Respecto al tema de la promoci\u00f3n tur\u00edstica, <strong>C\u00e9sar Villa<\/strong> coment\u00f3 que aqu\u00ed en el municipio\u00a0 los empresarios han caminado solos, afortunadamente\u00a0 tenemos una zona tur\u00edstica entre el <strong>Real, Pascuales y Tecuanillo<\/strong>, donde se genera una gran cantidad de empleos, muy buenos y de calidad, que dejan una gran derrama econ\u00f3mica\u00a0 y que mejoran la calidad de vida de mucha gente y esto lo han hecho solos los restauranteros.<\/p>\n<p>Dijo que por ello deber\u00eda de haber una pol\u00edtica intensa de promoci\u00f3n, restauraci\u00f3n y mejoramiento de las \u00e1reas, vemos un Malec\u00f3n que est\u00e1 completamente abandonado, se le tiene que invertir para tenerlo en buenas condiciones, para que todo el tiempo sea un espacio agradable para que la gente pueda ir y aprovecharlo.<\/p>\n<blockquote><p><strong>\u00abSe requiere un impulso importante en esa zona, ah\u00ed hace falta mejorar los mecanismos para que el gobierno municipal pueda generar una empat\u00eda entre los concesionarios y el gobierno federal, porque pareciera que en vez de poder generar buenas propuestas o crecer juntos en forma ordenada,\u00a0 parece que el gobierno federal en estos momentos se dedica a detener cualquier cosa que tenga que ver con mejorar las condiciones de la infraestructura y de la zona\u00bb<\/strong><\/p><\/blockquote>\n<p>En ese sentido mencion\u00f3 que muchos concesionarios ahorita est\u00e1n teniendo problemas porque buscan regularlos pero no les dan facilidades para poder resolver el problema en caso de que estuvieran en una situaci\u00f3n de irregularidad o que no estuvieran aprovechando la concesi\u00f3n como debe ser, pero si debe de haber voluntad y el municipio debe ser el gestor para resolver estas diferencias, acot\u00f3<\/p>\n<p><strong>CARAS NUEVAS FUNCIONAN SI SE EQUILIBRA CON EXPERIENCIA\u00a0<\/strong><\/p>\n<p>Respecto a los que aspiran llegar al cargo de presidente municipal para estas elecciones, el panista se\u00f1al\u00f3 que cada tres a\u00f1os escuchamos que la gente quiere ver caras nuevas en la pol\u00edtica, ahorita en el municipio pr\u00e1cticamente todos son caras nuevas desde el presidente municipal y si le buscamos a los regidores la mayor\u00eda son caras nuevas,\u00a0 sin embargo analiza el desempe\u00f1o de estas caras nuevas y analiza el de los que no lo son, y desde luego es importante que se refresque el \u00e1mbito administrativo municipal,\u00a0 pero tambi\u00e9n es importante que se d\u00e9 un equilibrio entre experiencia y \u00a0los nuevos.<\/p>\n<blockquote><p><strong>\u00abTiene que haber un relevo generacional por supuesto, pero todo a partir de la experiencia de las gentes que han hecho bien las cosas y estoy convencido que hay gente que han hecho las cosas muy bien dentro de la funci\u00f3n p\u00fablica,\u00a0 pero tambi\u00e9n hay quienes han hecho las cosas muy mal y desafortunadamente los seguimos viendo en los cargos de elecci\u00f3n popular\u00bb.\u00a0<\/strong><\/p><\/blockquote>\n<p>Agreg\u00f3 que es importante que veamos qui\u00e9nes son, qu\u00e9 han hecho, pues\u00a0 hay casos emblem\u00e1ticos de personas que fueron malos en el pasado y que a\u00fan as\u00ed votaron por ellos,\u00a0 cuando ya estuvieron en posiciones importantes fueron muy malos y\u00a0 hoy aun as\u00ed quieren seguir en lo mismo, aunque quiz\u00e1s les alcance para enga\u00f1ar a un grupo reducido de gente.<\/p>\n<p>\u00abLa invitaci\u00f3n es a hacer un an\u00e1lisis para ver qui\u00e9n es, de d\u00f3nde vienen,\u00a0 qu\u00e9 han hecho y que cuentas le han dado al municipio y por supuesto ver aquellos perfiles que ya han participado, que han funcionado y que pudieran ser opciones, tambi\u00e9n pensar en buenos perfiles que tengan buenos antecedentes\u00bb.<\/p>\n<p>Como ejemplo de esas personas, Villa Hinojosa mencion\u00f3 al Ing. <strong>Agr\u00f3nomo Hugo Sandoval,<\/strong>\u00a0 dijo que en las administraciones que ha habido en el municipio no ha habido un regidor que maneje la Comisi\u00f3n de Hacienda de la forma en que lo hizo,\u00a0 con un nivel de profesionalismo y de an\u00e1lisis important\u00edsimo,\u00a0 se estuvo cuestionando a la administraci\u00f3n de Juan Carlos pinto y se estuvieron evidenciando actos que en su momento se llegaron a denunciar.<\/p>\n<p>\u00abEsa es la labor de la oposici\u00f3n, \u00e9sta no se trata de oponerse, se trata de hacer un an\u00e1lisis y no ser comparsa de un gobierno, entonces en ese sentido, en esa administraci\u00f3n el Ing Hugo Sandoval hizo un excelente trabajo, est\u00e1\u00a0 tambi\u00e9n la <strong>regidora Isis S\u00e1nchez<\/strong> que est\u00e1 haciendo un buen trabajo en su \u00e1rea y las comisiones que tiene,\u00a0 con un desempe\u00f1o bastante profesional y de calidad lo podemos notar, se nota cuando se hace un buen trabajo\u00bb.<\/p>\n<p><strong>USO\u00a0 TEMA DEL\u00a0 SINDICATO PARA JUSTIFICAR SU INEPTITUD\u00a0<\/strong><\/p>\n<p>En el tema del sindicato, fue directo en se\u00f1alar que, para empezar cualquier aspirante debe entender que existe un sindicato y nos hemos dado cuenta c\u00f3mo al paso de los a\u00f1os ha sido la justificaci\u00f3n para no dar resultados, culpan de todo al sindicato cuando no es real, cuando no es la realidad,\u00a0 tan no es la realidad que vemos que Cabildos tienen ingresos estratosf\u00e9ricos entonces no hay congruencia y &#8230;!en ese detalle tan peque\u00f1o te das cuenta que no hay congruencia verdad\u00a1.., entonces qu\u00e9 es lo que hay que hacer, hay que hacer una reingenier\u00eda con los trabajadores de confianza,\u00a0 hay que hacer un an\u00e1lisis de lo que hace el sindicato y potenciar las diferentes actividades que hay, potenciar el trabajo para poder ser m\u00e1s efectivos, creo que ha hecho falta comunicaci\u00f3n, ha hecho falta ponerse de acuerdo con el sindicato,\u00a0 si se logran ambas cosas se pueden mejorar sustancialmente los servicios p\u00fablicos y las diferentes actividades de responsabilidad del municipio<\/p>\n<p><b>Y sobre el tema de salarios del cabildo del que hablaste Arqui?<\/b>.<\/p>\n<blockquote><p><strong>\u00ab\u00bfSalarios?, cu\u00e1nto gana un m\u00e9dico del IMSS y\u00a0 con mucha responsabilidad, 30, 40 mil pesos?, creo que no llegan a 40 mil y tienen una gran responsabilidad, creo que en primer lugar el regidor tiene que tener una responsabilidad y tiene que dar cuentas de ello y creo que un salario profesional por as\u00ed decirle, tiene que ser acorde a la responsabilidad que tiene el regidor, pero no podemos hablar de un salario que se tiene actualmente que vemos perfectamente que muchos no lo desquitan\u00bb\u00a0<\/strong><\/p><\/blockquote>\n<p style=\"text-align: left;\"><strong>OTRO PROBLEMA:\u00a0 NI\u00d1OS QUEDARON DESPROTEGIDOS AL RETIRAR APOYO DE GUARDER\u00cdAS\u00a0<\/strong><\/p>\n<p>Otro de los problemas que se tienen en Tecom\u00e1n por ser una zona agr\u00edcola es la falta de apoyo a guarder\u00edas, sabes cu\u00e1ntos ni\u00f1os\u00a0 entre 1 y 5 a\u00f1os de edad el d\u00eda de hoy est\u00e1n siendo desatendidos, que no est\u00e1n recibiendo la atenci\u00f3n que deben de tener porque ya no est\u00e1 el programa de Estancias Infantiles,pero adem\u00e1s no hay ning\u00fan programa que est\u00e9 enfocado el d\u00eda de hoy a rescatar,\u00a0 o a poder fortalecer las ra\u00edces de estos ni\u00f1os de estas generaciones que est\u00e1n iniciando,\u00a0 y esto nos lleva a un problema social, de seguridad,\u00a0 a un problema que a futuro nos puede generar una descomposici\u00f3n social importante.<\/p>\n<p>\u00abEl ayuntamiento tiene que estar al pendiente de esto que est\u00e1 sucediendo,\u00a0 ser\u00eda interesante hacer un an\u00e1lisis de cu\u00e1ntos ni\u00f1os est\u00e1n en esas condiciones, cu\u00e1ntos no est\u00e1n yendo a una guarder\u00eda, hoy las mam\u00e1s tienen que pagar para tener a sus ni\u00f1os en una guarder\u00eda cuando eso anteriormente era responsabilidad del gobierno. Yo prefiero que el dinero que el gobierno federal le est\u00e1 dando a los <em>NiNis<\/em> se los d\u00e9 a esas mam\u00e1s,\u00a0 que se los dediquen a esos ni\u00f1os, \u00a1imaginate 3 mil 600 pesos dedicados al desarrollo del ni\u00f1o\u00a1,\u00a0 \u00a1imag\u00ednate el impacto a futuro que tendr\u00edamos\u00a1\u00bb.<\/p>\n<p>Sin embargo\u00a0 ese dinero est\u00e1 llegando a una persona que los est\u00e1 recibiendo porque no quiere trabajar,\u00a0 porque un trabajador ahorita de la construcci\u00f3n por ponerte un ejemplo,\u00a0 porque es lo que conozco,\u00a0 m\u00ednimo gana mil 500 pesos por semana, estamos hablando de que gana 6 mil pesos al mes,\u00a0 c\u00f3mo es posible que alguien prefiera recibir 3 mil 600 pesos a ganar 6 mil pesos.\u00a0 no entiendo, y si\u00a0 te fijas si hay fuentes de empleo, es hora que no entiendo,\u00a0 pareciera que es una forma nada m\u00e1s de estar sacando dinero y no trabajar, sentenci\u00f3<\/p>\n<p><strong>ME GUSTAR\u00cdA PARTICIPAR EN ESTE PROCESO ELECTORAL\u00a0<\/strong><\/p>\n<p>Respecto a lo que se avecina, claro que me gustar\u00eda participar en el pr\u00f3ximo proceso electoral, siempre he estado participando dentro de la pol\u00edtica, tengo una trayectoria en mi partido, en las asociaciones civiles, siempre he participado a favor del desarrollo y orden de Tecom\u00e1n, por supuesto que me interesa participar.<\/p>\n<p>\u00abEn estos momentos hay condiciones que me ponen atento a lo que va a suceder,\u00a0 no sabemos c\u00f3mo se va a resolver el tema de las alianzas, no sabemos c\u00f3mo se va a resolver el tema del g\u00e9nero,\u00a0 pero por supuesto estoy dispuesto y al pendiente con mi partido para poder ser una propuesta y creo que tengo lo necesario para poder participar,\u00a0 tanto para buscar la alcald\u00eda o en otra posibilidad, pero por supuesto que me gustar\u00eda participar para aportar a la soluci\u00f3n de los problemas del municipio\u00bb, finaliz\u00f3.<\/p>\n","protected":false},"excerpt":{"rendered":"<p>*\u00daltimamente los alcaldes culpan al sindicato que no hicieron o no hacen nada porque seg\u00fan ellos\u00a0se llevan todo el dinero, son incongruentes porque actualmente hay regidores que ganan mucho y no lo desquitan. * Estoy preparado para participar en este proceso electoral, para poder aportar y dar soluci\u00f3n a los problemas del municipio Belisario Romero&#8230;<\/p>\n","protected":false},"author":2,"featured_media":13821,"comment_status":"open","ping_status":"open","sticky":false,"template":"","format":"standard","meta":{"footnotes":""},"categories":[52,43],"tags":[29,30,28],"class_list":["post-13820","post","type-post","status-publish","format-standard","has-post-thumbnail","hentry","category-elecciones-2021","category-entrevista","tag-grid","tag-news","tag-slider"],"_links":{"self":[{"href":"http:\/\/elobservatorio.com.mx\/index.php?rest_route=\/wp\/v2\/posts\/13820"}],"collection":[{"href":"http:\/\/elobservatorio.com.mx\/index.php?rest_route=\/wp\/v2\/posts"}],"about":[{"href":"http:\/\/elobservatorio.com.mx\/index.php?rest_route=\/wp\/v2\/types\/post"}],"author":[{"embeddable":true,"href":"http:\/\/elobservatorio.com.mx\/index.php?rest_route=\/wp\/v2\/users\/2"}],"replies":[{"embeddable":true,"href":"http:\/\/elobservatorio.com.mx\/index.php?rest_route=%2Fwp%2Fv2%2Fcomments&post=13820"}],"version-history":[{"count":0,"href":"http:\/\/elobservatorio.com.mx\/index.php?rest_route=\/wp\/v2\/posts\/13820\/revisions"}],"wp:featuredmedia":[{"embeddable":true,"href":"http:\/\/elobservatorio.com.mx\/index.php?rest_route=\/wp\/v2\/media\/13821"}],"wp:attachment":[{"href":"http:\/\/elobservatorio.com.mx\/index.php?rest_route=%2Fwp%2Fv2%2Fmedia&parent=13820"}],"wp:term":[{"taxonomy":"category","embeddable":true,"href":"http:\/\/elobservatorio.com.mx\/index.php?rest_route=%2Fwp%2Fv2%2Fcategories&post=13820"},{"taxonomy":"post_tag","embeddable":true,"href":"http:\/\/elobservatorio.com.mx\/index.php?rest_route=%2Fwp%2Fv2%2Ftags&post=13820"}],"curies":[{"name":"wp","href":"https:\/\/api.w.org\/{rel}","templated":true}]}}