{"id":13865,"date":"2020-12-08T01:13:11","date_gmt":"2020-12-08T07:13:11","guid":{"rendered":"http:\/\/elobservatorio.com.mx\/?p=13865"},"modified":"2020-12-08T01:13:11","modified_gmt":"2020-12-08T07:13:11","slug":"concluye-ciclo-de-conferencias-sobre-la-importancia-de-la-curaduria-en-los-museos","status":"publish","type":"post","link":"http:\/\/elobservatorio.com.mx\/?p=13865","title":{"rendered":"Concluye ciclo de conferencias sobre la importancia de la curadur\u00eda en los museos"},"content":{"rendered":"<p><em>*Las tres charlas contaron con el patrocinio del Museo Universitario Fernando del Paso.<\/em><\/p>\n<p>Este fin de semana concluy\u00f3 el ciclo de videoconferencias \u201cReflexiones de una museo-comunic\u00f3loga\u201d, que imparti\u00f3 Tita Ochoa Rivera, curadora de la Direcci\u00f3n General de Patrimonio Cultural de la Universidad de Colima y fue organizado por el Museo Universitario Fernando del Paso de esta misma casa de estudios.<\/p>\n<p>La charlas \u2013realizadas a trav\u00e9s de la plataforma Meet\u2013 fueron: \u201cComunicaci\u00f3n y museolog\u00eda en sincron\u00eda\u201d, \u201cGesti\u00f3n y coordinaci\u00f3n de exposiciones en los museos universitarios\u201d y \u201cProyectos curatoriales de exposiciones desde un enfoque comunicativo-interpretativo\u201d.<\/p>\n<p>Como el p\u00fablico estuvo integrado en su gran mayor\u00eda por estudiantes de la UdeC, las charlas fueron de lo sencillo a lo m\u00e1s complejo, definiendo primero cu\u00e1les son las funciones de los museos, c\u00f3mo se comunican con sus audiencias y explicando su rol como instituciones responsables de la divulgaci\u00f3n del patrimonio cultural, hasta abordar c\u00f3mo se vinculan los p\u00fablicos a las exposiciones, qu\u00e9 es una curadur\u00eda y cu\u00e1les son los pasos que se siguen al desarrollar una exposici\u00f3n.<\/p>\n<p>En la ponencia de cierre, Tita Ochoa coment\u00f3 que \u201cel museo es una espacio multidisciplinario donde convergen varias profesiones\u201d, compartiendo c\u00f3mo ella se form\u00f3 en un primer momento como comunic\u00f3loga y posteriormente se especializ\u00f3 en museos y curadur\u00eda de exposiciones para dedicarse a realizar diversas exhibiciones, organizar conversatorios y dictar conferencias.<\/p>\n<p>En los \u00faltimos tiempos, coment\u00f3, m\u00e1s que trabajar s\u00f3lo en la conservaci\u00f3n y difusi\u00f3n de ciertas colecciones o exposiciones, los museos han puesto su atenci\u00f3n en el p\u00fablico como uno de sus ejes centrales de trabajo, esto en dos grandes sentidos: Construyendo para ellos narrativas, discursos e incluso compartiendo posturas cr\u00edticas y Gener\u00e1ndoles experiencias est\u00e9ticas, de contemplaci\u00f3n est\u00e9tica, de aprendizaje, reflexivas y de esparcimiento<\/p>\n<p>Al buscar una mayor conexi\u00f3n con el p\u00fablico y la comunidad, los museos hacen uso de las exposiciones como su principal recurso de vinculaci\u00f3n, de ah\u00ed la importancia de lograr un buen trabajo curatorial. La curadur\u00eda, explic\u00f3, es una disciplina que ayuda en la gesti\u00f3n y coordinaci\u00f3n del programa expositivo del museo, el desarrollo de exposiciones y en la interpretaci\u00f3n del patrimonio cultural.<\/p>\n<p>Las exposiciones, dijo, son una herramienta de comunicaci\u00f3n esencial del museo, ya que \u201cson un veh\u00edculo de ideas, conceptos, reflexiones, discursos, emociones y sensaciones; a trav\u00e9s de ellas los museos pueden transmitir mensajes y dar a conocer el patrimonio que conservan\u201d. La curadur\u00eda, por su parte, tiene una funci\u00f3n de mediadora entre la exposici\u00f3n y el espectador; \u201cexplica, pone en contexto una obra y orienta discursos para crear espacios de exhibici\u00f3n y di\u00e1logo; tambi\u00e9n proyecta la definici\u00f3n narrativa y visual del montaje y sobre todo hace legible una propuesta art\u00edstica\u201d.<\/p>\n<p>Un curador o curadora, coment\u00f3, parte de la idea de que los objetos no hablan por s\u00ed mismos, por lo que su objetivo debe ser elaborar un discurso narrativo utilizando para ello las obras a exhibir; \u201cla curadur\u00eda ofrece una lectura para los visitantes; se trata de una propuesta, de un cierto enfoque, no de una imposici\u00f3n, ya que tambi\u00e9n los visitantes hacen su propia interpretaci\u00f3n desde sus propios contextos e intereses y desde competencias previas\u201d.<\/p>\n<p>Para lograr su cometido, dijo por \u00faltimo, \u201cla curadur\u00eda debe investigar y estudiar los temas y colecciones a presentar en las exhibiciones, producir y orientar los discursos tem\u00e1ticos y narrativos a desplegar en salas y crear espacios de comunicaci\u00f3n, di\u00e1logo y reflexi\u00f3n destinados al p\u00fablico\u201d.<\/p>\n<p>Luego de mostrar varios ejemplos de c\u00f3mo se realiza una exposici\u00f3n, desde el gui\u00f3n tem\u00e1tico hasta la comunicaci\u00f3n con los p\u00fablicos del museo, coment\u00f3 que la importancia de la curadur\u00eda radica en transmitir a los visitantes la apreciaci\u00f3n y comprensi\u00f3n de las colecciones que alberga y los contenidos de una exposici\u00f3n. Mientras, el prop\u00f3sito de estas charlas es compartir la idea de que \u201clos museos son espacios cercanos a la sociedad, que implementan diversas estrategias de comunicaci\u00f3n a fin de que el p\u00fablico pueda acercarse a las exposiciones de formas que le resulten relevantes y significativas\u201d.<\/p>\n<p>&nbsp;<\/p>\n","protected":false},"excerpt":{"rendered":"<p>*Las tres charlas contaron con el patrocinio del Museo Universitario Fernando del Paso. Este fin de semana concluy\u00f3 el ciclo de videoconferencias \u201cReflexiones de una museo-comunic\u00f3loga\u201d, que imparti\u00f3 Tita Ochoa Rivera, curadora de la Direcci\u00f3n General de Patrimonio Cultural de la Universidad de Colima y fue organizado por el Museo Universitario Fernando del Paso de&#8230;<\/p>\n","protected":false},"author":2,"featured_media":13866,"comment_status":"open","ping_status":"open","sticky":false,"template":"","format":"standard","meta":{"footnotes":""},"categories":[14],"tags":[29,30,28],"class_list":["post-13865","post","type-post","status-publish","format-standard","has-post-thumbnail","hentry","category-educacion-y-cultura","tag-grid","tag-news","tag-slider"],"_links":{"self":[{"href":"http:\/\/elobservatorio.com.mx\/index.php?rest_route=\/wp\/v2\/posts\/13865"}],"collection":[{"href":"http:\/\/elobservatorio.com.mx\/index.php?rest_route=\/wp\/v2\/posts"}],"about":[{"href":"http:\/\/elobservatorio.com.mx\/index.php?rest_route=\/wp\/v2\/types\/post"}],"author":[{"embeddable":true,"href":"http:\/\/elobservatorio.com.mx\/index.php?rest_route=\/wp\/v2\/users\/2"}],"replies":[{"embeddable":true,"href":"http:\/\/elobservatorio.com.mx\/index.php?rest_route=%2Fwp%2Fv2%2Fcomments&post=13865"}],"version-history":[{"count":0,"href":"http:\/\/elobservatorio.com.mx\/index.php?rest_route=\/wp\/v2\/posts\/13865\/revisions"}],"wp:featuredmedia":[{"embeddable":true,"href":"http:\/\/elobservatorio.com.mx\/index.php?rest_route=\/wp\/v2\/media\/13866"}],"wp:attachment":[{"href":"http:\/\/elobservatorio.com.mx\/index.php?rest_route=%2Fwp%2Fv2%2Fmedia&parent=13865"}],"wp:term":[{"taxonomy":"category","embeddable":true,"href":"http:\/\/elobservatorio.com.mx\/index.php?rest_route=%2Fwp%2Fv2%2Fcategories&post=13865"},{"taxonomy":"post_tag","embeddable":true,"href":"http:\/\/elobservatorio.com.mx\/index.php?rest_route=%2Fwp%2Fv2%2Ftags&post=13865"}],"curies":[{"name":"wp","href":"https:\/\/api.w.org\/{rel}","templated":true}]}}