{"id":13869,"date":"2020-12-08T01:26:25","date_gmt":"2020-12-08T07:26:25","guid":{"rendered":"http:\/\/elobservatorio.com.mx\/?p=13869"},"modified":"2020-12-08T01:26:25","modified_gmt":"2020-12-08T07:26:25","slug":"alianza-pri-pan-prd-sigue-en-curso-jmrc","status":"publish","type":"post","link":"http:\/\/elobservatorio.com.mx\/?p=13869","title":{"rendered":"Alianza PRI-PAN-PRD sigue en curso: JMRC"},"content":{"rendered":"<p class=\"x_MsoNormal\" style=\"text-align: left;\" align=\"center\"><em><span lang=\"ES-TRAD\">*Hoy m\u00e1s que nunca queremos concretarla para ratificar la confianza de los colimenses y que Colima tenga en el pr\u00f3ximo proceso electoral un gran ganador que asegure el bienestar para nuestro estado<\/span><\/em><\/p>\n<p class=\"x_MsoNormal\" style=\"text-align: left;\" align=\"center\"><b><span lang=\"ES-TRAD\">\u00a0<\/span><\/b><b><span lang=\"ES-TRAD\">Colima, Col., 07 de Diciembre de 2020.-\u00a0<\/span><\/b><span lang=\"ES-TRAD\">La Alianza PRI-PAN-PRD sigue en di\u00e1logo, no ha tronado, hoy m\u00e1s que nunca queremos concretarla para que salga una candidata o un candidato con toda la fuerza posible para ratificar la confianza de los colimenses y que Colima tenga en el pr\u00f3ximo proceso electoral un gran ganador que asegure el bienestar para nuestro estado.<\/span><\/p>\n<p class=\"x_MsoNormal\"><span lang=\"ES-TRAD\">\u00a0<\/span><span lang=\"ES-TRAD\">As\u00ed lo afirm\u00f3 en rueda de prensa, el Presidente del CDE del PRI, Jos\u00e9 Manuel Romero Coello, acompa\u00f1ado por la Secretaria general, Betzaida Pinz\u00f3n Carreto y el Delegado del CEN del PRI, Antonio Lugo Morales dijo que, \u201clas pl\u00e1ticas con el Partido Acci\u00f3n Nacional siguen, estamos construyendo un tema de alianza, queremos ir en alianza, estamos en pl\u00e1ticas tambi\u00e9n con el PRD para salir muy fortalecidos\u201d, enfatiz\u00f3.<\/span><\/p>\n<p class=\"x_MsoNormal\"><span lang=\"ES-TRAD\">\u00a0<\/span><span lang=\"ES-TRAD\">Indic\u00f3 que la finalidad de esta Alianza es que se vaya unidos en torno a un proyecto que se llama Colima, por lo que afirm\u00f3 que se tiene que ver el inter\u00e9s superior del estado, cuidar nuestro estado y que llegue el mejor proyecto para las y los colimenses.<\/span><\/p>\n<p class=\"x_MsoNormal\"><span lang=\"ES-TRAD\">\u00a0<\/span><span lang=\"ES-TRAD\">En ese sentido dijo que el PRI est\u00e1 agotando todas las posibilidades de di\u00e1logo, de entendimiento y de razonamiento pol\u00edtico y de no pensar en un inter\u00e9s personal de Partido sino en un inter\u00e9s superior que es el estado de Colima.<\/span><\/p>\n<p class=\"x_MsoNormal\"><span lang=\"ES-TRAD\">\u00a0<\/span><span lang=\"ES-TRAD\">Al hacer uso de la voz, el Delegado del CEN del PRI, Antonio Lugo Morales indic\u00f3 que el CEN del PRI est\u00e1 muy interesado en que el tema de la Alianza se d\u00e9 en Colima, pues la suma de esfuerzos orientado en un convenio de Coalici\u00f3n justo y razonable para los partidos que se coaliguen, ser\u00e1 el inicio de una batalla que en campa\u00f1a pol\u00edtica tendr\u00e1 que situarse en la oferta y la propuesta pol\u00edtica para que los partidos coaligados puedan lograr el voto el pr\u00f3ximo 6 de julio.<\/span><\/p>\n<p class=\"x_MsoNormal\"><span lang=\"ES-TRAD\">\u00a0<\/span><span lang=\"ES-TRAD\">Por ello hizo un llamado a las fuerzas pol\u00edticas, para que logren en un principio de unidad generar la posibilidad de triunfo para que Colima salga ganando.<\/span><\/p>\n<p class=\"x_MsoNormal\"><span lang=\"ES-TRAD\">\u00a0<\/span><\/p>\n<p class=\"x_MsoNormal\"><span lang=\"ES-TRAD\">\u00a0<\/span><\/p>\n","protected":false},"excerpt":{"rendered":"<p>*Hoy m\u00e1s que nunca queremos concretarla para ratificar la confianza de los colimenses y que Colima tenga en el pr\u00f3ximo proceso electoral un gran ganador que asegure el bienestar para nuestro estado \u00a0Colima, Col., 07 de Diciembre de 2020.-\u00a0La Alianza PRI-PAN-PRD sigue en di\u00e1logo, no ha tronado, hoy m\u00e1s que nunca queremos concretarla para que&#8230;<\/p>\n","protected":false},"author":2,"featured_media":13870,"comment_status":"open","ping_status":"open","sticky":false,"template":"","format":"standard","meta":{"footnotes":""},"categories":[10],"tags":[29,30,28],"class_list":["post-13869","post","type-post","status-publish","format-standard","has-post-thumbnail","hentry","category-politica","tag-grid","tag-news","tag-slider"],"_links":{"self":[{"href":"http:\/\/elobservatorio.com.mx\/index.php?rest_route=\/wp\/v2\/posts\/13869"}],"collection":[{"href":"http:\/\/elobservatorio.com.mx\/index.php?rest_route=\/wp\/v2\/posts"}],"about":[{"href":"http:\/\/elobservatorio.com.mx\/index.php?rest_route=\/wp\/v2\/types\/post"}],"author":[{"embeddable":true,"href":"http:\/\/elobservatorio.com.mx\/index.php?rest_route=\/wp\/v2\/users\/2"}],"replies":[{"embeddable":true,"href":"http:\/\/elobservatorio.com.mx\/index.php?rest_route=%2Fwp%2Fv2%2Fcomments&post=13869"}],"version-history":[{"count":0,"href":"http:\/\/elobservatorio.com.mx\/index.php?rest_route=\/wp\/v2\/posts\/13869\/revisions"}],"wp:featuredmedia":[{"embeddable":true,"href":"http:\/\/elobservatorio.com.mx\/index.php?rest_route=\/wp\/v2\/media\/13870"}],"wp:attachment":[{"href":"http:\/\/elobservatorio.com.mx\/index.php?rest_route=%2Fwp%2Fv2%2Fmedia&parent=13869"}],"wp:term":[{"taxonomy":"category","embeddable":true,"href":"http:\/\/elobservatorio.com.mx\/index.php?rest_route=%2Fwp%2Fv2%2Fcategories&post=13869"},{"taxonomy":"post_tag","embeddable":true,"href":"http:\/\/elobservatorio.com.mx\/index.php?rest_route=%2Fwp%2Fv2%2Ftags&post=13869"}],"curies":[{"name":"wp","href":"https:\/\/api.w.org\/{rel}","templated":true}]}}