{"id":13873,"date":"2020-12-08T01:51:05","date_gmt":"2020-12-08T07:51:05","guid":{"rendered":"http:\/\/elobservatorio.com.mx\/?p=13873"},"modified":"2020-12-08T01:51:05","modified_gmt":"2020-12-08T07:51:05","slug":"inicia-la-seccion-39-del-snte-planton-en-el-complejo-administrativo-estatal","status":"publish","type":"post","link":"http:\/\/elobservatorio.com.mx\/?p=13873","title":{"rendered":"Inicia la secci\u00f3n 39 del SNTE plant\u00f3n en el Complejo Administrativo Estatal"},"content":{"rendered":"<p><em>*Exigen servicios m\u00e9dicos, se surta la farmacia de la Secci\u00f3n, basificaciones y pagos de bonos =No quieren m\u00e1s promesas =Se podr\u00eda radicalizar el movimiento, anuncia Valladares Ochoa. =No descartan bloqueos carreteros<\/em><\/p>\n<p>Alfredo Quiles Cabrera<\/p>\n<p>Ante el incumplimiento de compromisos \u201cy a la falta de sensibilidad pol\u00edtica mostrada por el Gobierno de Jos\u00e9 Ignacio Peralta S\u00e1nchez\u201d para atender las dem\u00e1s del sector magisterial de Colima, esta tarde la Secci\u00f3n 39 del Sindicato Nacional de Trabajadores de la Educaci\u00f3n (SNTE 39) \u201cinicio con un plant\u00f3n permanente en el Complejo Administrativo del Gobierno Estatal, mismo que se radicalizar\u00e1 en caso de no obtener respuestas satisfactorias, no promesas, de parte de las autoridades estatales\u201d.<\/p>\n<p>Alrededor de las 2.30 de la tarde este lunes alrededor de un centenar de maestros, en su mayor\u00eda integrantes de los comit\u00e9s seccional y delegacionales, as\u00ed como de pensionados, encabezados por su dirigente Heriberto Valladares Ochoa, arribaron al Complejo Administrativo con la finalidad de exigir al Gobierno Estatal que \u201ccumpla con sus compromisos y palabra empe\u00f1ada\u201d de atender las principales demandas de los trabajadores de la educaci\u00f3n.<\/p>\n<p>Heriberto Valladares se\u00f1al\u00f3 que antes de llegar a esta acci\u00f3n \u201ctuvimos bastante, mucha, paciencia, la cual ya se agot\u00f3. Eso nos ha permitido llegar aqu\u00ed, nos ha permitido tomar esta acci\u00f3n y a mostrar que estamos unidos\u201d.<\/p>\n<p>Dijo que la situaci\u00f3n que viven en la actualidad los trabajadores de la educaci\u00f3n \u201ces del conocimiento del mandatario estatal, a quien se le ha solicitado en repetidas ocasiones soluciones. Desgraciadamente No se han tenido respuestas y ahora las esperaremos aqu\u00ed (en el Complejo Administrativo)\u201d, de donde dijo \u201cno nos retiraremos hasta no encontrar soluciones\u201d.<\/p>\n<p>Afirm\u00f3 que este problema se trae arrastrando de a\u00f1os, lo cual provoc\u00f3 que en octubre del 2017 se tomaran las instalaciones de la Secretar\u00eda de Educaci\u00f3n del Gobierno del Estado y ahora \u201cestamos en la misma tesitura. Aqu\u00ed permaneceremos\u201d, dijio.<\/p>\n<p>Recordaron que esta situaci\u00f3n, el incumplimiento a compromisos, ha sido una constante del Gobierno del Estado y le ha dado largas a las demandas de los trabajadores de la educaci\u00f3n, las que son principalmente la regularizaci\u00f3n de los servicios m\u00e9dicos, satisfacer la escases de medicamentos en la farmacia magisterial, la basificaci\u00f2n de m\u00e1s de 470 trabajadores de la educaci\u00f3n, el pago del seguro institucional, la operaci\u00f3n adecuada del Instituto de Pensiones que les niega a los trabajadores prestamos \u201cdebido a que no hay disponibilidad presupuestal\u201d.<\/p>\n<p>El dirigente magisterial se\u00f1al\u00f3 que con la falta de servicios m\u00e9dicos se est\u00e1n lesionando a m\u00e1s de 3 mil trabajadores de la educaci\u00f3n, y sus familiares\u201d.<\/p>\n<p>Explic\u00f3 que en la actualidad los trabajadores de la educaci\u00f3n no cuentan con seguridad social, debido a que las autoridades no han regularizado pagos a instituciones de salud que atienden a sus afiliados; la farmacia magisterial carece de medicamentos, pues en la actualidad no cuenta ni con el 20 por ciento de abasto de los mismos.<\/p>\n<p>Tambi\u00e9n exigieron se d\u00e9 respuesta ya a la basificaci\u00f2n de 470 trabajadores de la educaci\u00f3n.<\/p>\n<p>En tanto, el representante del CEN del SNTE para la Secci\u00f3n 39, Mateo Casillas Ibarra, se\u00f1al\u00f3 que la dirigencia nacional de esta organizaci\u00f3n gremial conoce de esta movimiento causado por el incumplimiento de la autoridad estatal para dar soluci\u00f3n a las demandas de los trabajadores de la educaci\u00f3n, es por ello que anunci\u00f3 que el \u201cSNTE apoya irrestrictamente este movimiento\u201d.<\/p>\n<p>Asimismo, se inform\u00f3 que el plant\u00f3n que inicio este lunes \u201cpermanecer\u00e1 el tiempo que sea necesario\u201d y no se levantar\u00e1 hasta no encontrar respuestas y soluciones favorables a las demandas planteadas.<\/p>\n<p>Es de mencionar que los maestros de la Secci\u00f3n 39 del SNTE fueron atendidos por el Secretario General de Gobierno, Rub\u00e9n P\u00e9rez Anguiano, quien les inform\u00f3 que se abrir\u00e1 una mesa de di\u00e1logo con los maestros y se comprometi\u00f3 a que algunas de las demandas presentadas \u201cser\u00e1n resueltas este mismo d\u00eda (lunes)\u201d.<\/p>\n<p>Algunos maestros presionaron para \u201cbloquear la autopista Colima=Guadalajara\u201d para obtener respuestas a sus demandas.<\/p>\n<p>Eta medida no fue rechazada por Heriberto Valladares, quien afirm\u00f3 que \u201cninguna medida\u201d se descarta, se\u00f1alando que \u201cel movimiento magisterial se podr\u00eda radicalizar\u201d.<\/p>\n<p>Una vez concluida la reuni\u00f3n informativa, se nombraron las primeras comisiones que habr\u00e1n de permanecer en las instalaciones del Complejo Administrativo, sosteniendo Heriberto Valladares que \u201cno habr\u00e1 marcha atr\u00e1s y mantendremos el plant\u00f3n en forma permanente, sin descartar otras acciones m\u00e1s que se pudieran tomar en las siguientes horas y d\u00edas\u201d.<\/p>\n","protected":false},"excerpt":{"rendered":"<p>*Exigen servicios m\u00e9dicos, se surta la farmacia de la Secci\u00f3n, basificaciones y pagos de bonos =No quieren m\u00e1s promesas =Se podr\u00eda radicalizar el movimiento, anuncia Valladares Ochoa. =No descartan bloqueos carreteros Alfredo Quiles Cabrera Ante el incumplimiento de compromisos \u201cy a la falta de sensibilidad pol\u00edtica mostrada por el Gobierno de Jos\u00e9 Ignacio Peralta S\u00e1nchez\u201d&#8230;<\/p>\n","protected":false},"author":2,"featured_media":13874,"comment_status":"open","ping_status":"open","sticky":false,"template":"","format":"standard","meta":{"footnotes":""},"categories":[12],"tags":[29,30,28],"class_list":["post-13873","post","type-post","status-publish","format-standard","has-post-thumbnail","hentry","category-sociedad","tag-grid","tag-news","tag-slider"],"_links":{"self":[{"href":"http:\/\/elobservatorio.com.mx\/index.php?rest_route=\/wp\/v2\/posts\/13873"}],"collection":[{"href":"http:\/\/elobservatorio.com.mx\/index.php?rest_route=\/wp\/v2\/posts"}],"about":[{"href":"http:\/\/elobservatorio.com.mx\/index.php?rest_route=\/wp\/v2\/types\/post"}],"author":[{"embeddable":true,"href":"http:\/\/elobservatorio.com.mx\/index.php?rest_route=\/wp\/v2\/users\/2"}],"replies":[{"embeddable":true,"href":"http:\/\/elobservatorio.com.mx\/index.php?rest_route=%2Fwp%2Fv2%2Fcomments&post=13873"}],"version-history":[{"count":0,"href":"http:\/\/elobservatorio.com.mx\/index.php?rest_route=\/wp\/v2\/posts\/13873\/revisions"}],"wp:featuredmedia":[{"embeddable":true,"href":"http:\/\/elobservatorio.com.mx\/index.php?rest_route=\/wp\/v2\/media\/13874"}],"wp:attachment":[{"href":"http:\/\/elobservatorio.com.mx\/index.php?rest_route=%2Fwp%2Fv2%2Fmedia&parent=13873"}],"wp:term":[{"taxonomy":"category","embeddable":true,"href":"http:\/\/elobservatorio.com.mx\/index.php?rest_route=%2Fwp%2Fv2%2Fcategories&post=13873"},{"taxonomy":"post_tag","embeddable":true,"href":"http:\/\/elobservatorio.com.mx\/index.php?rest_route=%2Fwp%2Fv2%2Ftags&post=13873"}],"curies":[{"name":"wp","href":"https:\/\/api.w.org\/{rel}","templated":true}]}}