{"id":13896,"date":"2020-12-08T19:49:23","date_gmt":"2020-12-09T01:49:23","guid":{"rendered":"http:\/\/elobservatorio.com.mx\/?p=13896"},"modified":"2020-12-08T19:49:23","modified_gmt":"2020-12-09T01:49:23","slug":"distingue-amexco-mexico-a-colimense-con-medalla-nacional-al-altruismo","status":"publish","type":"post","link":"http:\/\/elobservatorio.com.mx\/?p=13896","title":{"rendered":"Distingue Amexco M\u00e9xico a colimense con \u201cMedalla Nacional al Altruismo\u201d"},"content":{"rendered":"<p class=\"x_MsoNormal\"><i>*Reconocen a Iv\u00e1n Oc\u00f3n, por su labor con las personas vulnerables de Colima<\/i><\/p>\n<p class=\"x_MsoNormal\">La Asociaci\u00f3n Mexicana de Corporeidad, Amexco M\u00e9xico, que preside Horacio Garc\u00eda Mata, entreg\u00f3 el Galard\u00f3n de Honor Amexco de la \u00abMedalla Nacional al Altruismo\u00bb, al colimense Iv\u00e1n Manuel Oc\u00f3n Guti\u00e9rrez, en reconocimiento a su labor altruista a favor de la Educaci\u00f3n en M\u00e9xico y otros pa\u00edses.<\/p>\n<p class=\"x_MsoNormal\">En ese sentido, la directora general del Instituto Colimense del Deporte, Ciria Salazar, celebr\u00f3 la distinci\u00f3n que le hizo Amexco M\u00e9xico 2020 a Oc\u00f3n Guti\u00e9rrez, a quien le reconoci\u00f3 su iniciativa por trabajar con personas en rehabilitaci\u00f3n en la realizaci\u00f3n del Torneo Street Soccer Colima, ajedrez rural y en albergues; adem\u00e1s de b\u00e1dminton en las comunidades rurales.<\/p>\n<p class=\"x_MsoNormal\">En visita que realiz\u00f3 el galardonado a las instalaciones del Incode, Iv\u00e1n Oc\u00f3n agradeci\u00f3 al Gobierno del Estado a trav\u00e9s del Instituto Colimense del Deporte, por el acompa\u00f1amiento de las actividades f\u00edsica, recreativas, deportivas y de inclusi\u00f3n social que realiza, con las que continuar\u00e1 con el beneficio de esas tareas para la poblaci\u00f3n de vulnerabilidad.<\/p>\n<p class=\"x_MsoNormal\">La entrega de este galard\u00f3n se realiz\u00f3 en la ciudad de San Luis Potos\u00ed durante la Asamblea Plenaria del informe de actividades, en donde particip\u00f3 la Regi\u00f3n Cuatro, conformada por los estados de Jalisco, Nayarit, Michoac\u00e1n y Colima. Cabe destacar que Hugo Medina, es el comisionado Nacional de Educaci\u00f3n F\u00edsica y Deporte en la entidad.<\/p>\n<p class=\"x_MsoNormal\">En la visita, tambi\u00e9n estuvo presente el subdirector del Incode, Manuel Licea Vizcarra<\/p>\n","protected":false},"excerpt":{"rendered":"<p>*Reconocen a Iv\u00e1n Oc\u00f3n, por su labor con las personas vulnerables de Colima La Asociaci\u00f3n Mexicana de Corporeidad, Amexco M\u00e9xico, que preside Horacio Garc\u00eda Mata, entreg\u00f3 el Galard\u00f3n de Honor Amexco de la \u00abMedalla Nacional al Altruismo\u00bb, al colimense Iv\u00e1n Manuel Oc\u00f3n Guti\u00e9rrez, en reconocimiento a su labor altruista a favor de la Educaci\u00f3n en&#8230;<\/p>\n","protected":false},"author":2,"featured_media":13897,"comment_status":"open","ping_status":"open","sticky":false,"template":"","format":"standard","meta":{"footnotes":""},"categories":[21],"tags":[29,30,28],"class_list":["post-13896","post","type-post","status-publish","format-standard","has-post-thumbnail","hentry","category-deportes","tag-grid","tag-news","tag-slider"],"_links":{"self":[{"href":"http:\/\/elobservatorio.com.mx\/index.php?rest_route=\/wp\/v2\/posts\/13896"}],"collection":[{"href":"http:\/\/elobservatorio.com.mx\/index.php?rest_route=\/wp\/v2\/posts"}],"about":[{"href":"http:\/\/elobservatorio.com.mx\/index.php?rest_route=\/wp\/v2\/types\/post"}],"author":[{"embeddable":true,"href":"http:\/\/elobservatorio.com.mx\/index.php?rest_route=\/wp\/v2\/users\/2"}],"replies":[{"embeddable":true,"href":"http:\/\/elobservatorio.com.mx\/index.php?rest_route=%2Fwp%2Fv2%2Fcomments&post=13896"}],"version-history":[{"count":0,"href":"http:\/\/elobservatorio.com.mx\/index.php?rest_route=\/wp\/v2\/posts\/13896\/revisions"}],"wp:featuredmedia":[{"embeddable":true,"href":"http:\/\/elobservatorio.com.mx\/index.php?rest_route=\/wp\/v2\/media\/13897"}],"wp:attachment":[{"href":"http:\/\/elobservatorio.com.mx\/index.php?rest_route=%2Fwp%2Fv2%2Fmedia&parent=13896"}],"wp:term":[{"taxonomy":"category","embeddable":true,"href":"http:\/\/elobservatorio.com.mx\/index.php?rest_route=%2Fwp%2Fv2%2Fcategories&post=13896"},{"taxonomy":"post_tag","embeddable":true,"href":"http:\/\/elobservatorio.com.mx\/index.php?rest_route=%2Fwp%2Fv2%2Ftags&post=13896"}],"curies":[{"name":"wp","href":"https:\/\/api.w.org\/{rel}","templated":true}]}}