{"id":1396,"date":"2018-12-28T21:13:44","date_gmt":"2018-12-28T21:13:44","guid":{"rendered":"http:\/\/elobservatorio.com.mx\/integran-la-comision-de-honor-y-justicia-de-seguridad-publica"},"modified":"2018-12-28T21:13:44","modified_gmt":"2018-12-28T21:13:44","slug":"integran-la-comision-de-honor-y-justicia-de-seguridad-publica","status":"publish","type":"post","link":"http:\/\/elobservatorio.com.mx\/?p=1396","title":{"rendered":"Integran la Comisi\u00f3n de Honor y Justicia de Seguridad P\u00fablica"},"content":{"rendered":"<p><em>*Patronato de los Festejos Charrotaurinos entreg\u00f3 al Ayuntamiento una r\u00e9plica de palco de La Petatera <\/em><\/p>\n<p>El Presidente Municipal de Villa de \u00c1lvarez, Felipe Cruz Calvario, tom\u00f3 protesta a la Comisi\u00f3n de Honor y Justicia, en el \u00e1rea de Seguridad P\u00fablica, de la que \u00e9l es Presidente; y en la cual est\u00e1n como Secretario T\u00e9cnico, Emilio Miranda Mart\u00ednez; Vocal representante de Recursos Humanos, Homar Santana Ochoa; Vocal representante de Asuntos Internos, Carlos Fernando Conejo Preciado; Vocal de Elementos, Alfredo Silva Yxta; Vocal de Mandos, J. F\u00e9lix Mungu\u00eda Mor\u00e1n.<\/p>\n<p>El objetivo de esta Comisi\u00f3n, de acuerdo con el marco legal, es impartir justicia administrativa al interior de la Direcci\u00f3n General de Seguridad P\u00fablica, Tr\u00e1nsito y Vialidad; para el reconocimiento por m\u00e9ritos y la aplicaci\u00f3n de sanciones por incumplimiento de deberes y obligaciones de los efectivos, para brindar a los polic\u00edas y agentes de vialidad certeza jur\u00eddica, en su relaci\u00f3n laboral con el Ayuntamiento y con sus compa\u00f1eros de trabajo.<\/p>\n<p>El Consejo ser\u00e1 el \u00f3rgano colegiado competente para conocer y resolver sobre las faltas graves en que incurran los elementos policiales y de vialidad, a los principios de actuaci\u00f3n previstos en el reglamento interior y en la ley de la materia, a nivel estatal y federal. Adem\u00e1s, esta Comisi\u00f3n conocer\u00e1 y resolver\u00e1 de los recursos de revisi\u00f3n y, dentro de sus funciones estar\u00e1 otorgar condecoraciones, ascensos, y determinar, conforme a la disponibilidad presupuestal, est\u00edmulos y recompensas.<\/p>\n<p><strong>PATRONATO ENTREGA AL AYUNTAMIENTO UNA R\u00c9PLICA DE PALCO<\/strong><\/p>\n<p>En otro tema, este d\u00eda el Patronato de Festejos Charrotaurinos hizo entrega formal, al Ayuntamiento, de la r\u00e9plica de un palco de La Petatera, en el Jard\u00edn Independencia. Este palco permanecer\u00e1 hasta el primer trimestre del 2019, para que sea aprovechado por ciudadanos y turistas durante los Festejos venideros.<\/p>\n<p>Durante este evento el Presidente Municipal Felipe Cruz, quien recibi\u00f3 el palco, fue acompa\u00f1ado por Jorge Fern\u00e1ndez Cerda e integrantes del Patronato; las regidoras Graciela Jim\u00e9nez y Ma. Gloria Cort\u00e9s; el Contralor del Ayuntamiento, Juan Hilario Reyes, y la directora de Turismo Eulalia Villalvazo.<\/p>\n<p>&nbsp;<\/p>\n<p>&nbsp;<\/p>\n","protected":false},"excerpt":{"rendered":"<p>*Patronato de los Festejos Charrotaurinos entreg\u00f3 al Ayuntamiento una r\u00e9plica de palco de La Petatera El Presidente Municipal de Villa de \u00c1lvarez, Felipe Cruz Calvario, tom\u00f3 protesta a la Comisi\u00f3n de Honor y Justicia, en el \u00e1rea de Seguridad P\u00fablica, de la que \u00e9l es Presidente; y en la cual est\u00e1n como Secretario T\u00e9cnico, Emilio&#8230;<\/p>\n","protected":false},"author":2,"featured_media":1397,"comment_status":"open","ping_status":"open","sticky":false,"template":"","format":"standard","meta":{"footnotes":""},"categories":[8,42],"tags":[29,30,28],"class_list":["post-1396","post","type-post","status-publish","format-standard","has-post-thumbnail","hentry","category-municipios","category-villa-de-alvarez","tag-grid","tag-news","tag-slider"],"_links":{"self":[{"href":"http:\/\/elobservatorio.com.mx\/index.php?rest_route=\/wp\/v2\/posts\/1396"}],"collection":[{"href":"http:\/\/elobservatorio.com.mx\/index.php?rest_route=\/wp\/v2\/posts"}],"about":[{"href":"http:\/\/elobservatorio.com.mx\/index.php?rest_route=\/wp\/v2\/types\/post"}],"author":[{"embeddable":true,"href":"http:\/\/elobservatorio.com.mx\/index.php?rest_route=\/wp\/v2\/users\/2"}],"replies":[{"embeddable":true,"href":"http:\/\/elobservatorio.com.mx\/index.php?rest_route=%2Fwp%2Fv2%2Fcomments&post=1396"}],"version-history":[{"count":0,"href":"http:\/\/elobservatorio.com.mx\/index.php?rest_route=\/wp\/v2\/posts\/1396\/revisions"}],"wp:featuredmedia":[{"embeddable":true,"href":"http:\/\/elobservatorio.com.mx\/index.php?rest_route=\/wp\/v2\/media\/1397"}],"wp:attachment":[{"href":"http:\/\/elobservatorio.com.mx\/index.php?rest_route=%2Fwp%2Fv2%2Fmedia&parent=1396"}],"wp:term":[{"taxonomy":"category","embeddable":true,"href":"http:\/\/elobservatorio.com.mx\/index.php?rest_route=%2Fwp%2Fv2%2Fcategories&post=1396"},{"taxonomy":"post_tag","embeddable":true,"href":"http:\/\/elobservatorio.com.mx\/index.php?rest_route=%2Fwp%2Fv2%2Ftags&post=1396"}],"curies":[{"name":"wp","href":"https:\/\/api.w.org\/{rel}","templated":true}]}}