{"id":13973,"date":"2020-12-14T19:19:06","date_gmt":"2020-12-15T01:19:06","guid":{"rendered":"http:\/\/elobservatorio.com.mx\/?p=13973"},"modified":"2020-12-14T19:19:06","modified_gmt":"2020-12-15T01:19:06","slug":"hacen-donacion-a-la-colecta-diamante-de-la-solidaridad","status":"publish","type":"post","link":"http:\/\/elobservatorio.com.mx\/?p=13973","title":{"rendered":"Hacen donaci\u00f3n a la Colecta Diamante de la Solidaridad"},"content":{"rendered":"<p>La secretaria de Salud y Bienestar Social del Gobierno del Estado, Leticia Guadalupe Delgado Carrillo, hizo su donaci\u00f3n para la Colecta Diamante Solidaridad que lleva a cabo la Junta de Asistencia Privada del Estado de Colima para apoyar a instituciones que atienden a personas en condici\u00f3n vulnerable. La titular de la Secretar\u00eda de Salud confi\u00f3 en que habr\u00e1 m\u00e1s solidaridad para esta causa. La donaci\u00f3n fue recibida por el presidente de la JAP, V\u00edctor Urs\u00faa \u00c1lvarez, quien agradeci\u00f3 esta acci\u00f3n solidaria<\/p>\n","protected":false},"excerpt":{"rendered":"<p>La secretaria de Salud y Bienestar Social del Gobierno del Estado, Leticia Guadalupe Delgado Carrillo, hizo su donaci\u00f3n para la Colecta Diamante Solidaridad que lleva a cabo la Junta de Asistencia Privada del Estado de Colima para apoyar a instituciones que atienden a personas en condici\u00f3n vulnerable. La titular de la Secretar\u00eda de Salud confi\u00f3&#8230;<\/p>\n","protected":false},"author":2,"featured_media":13974,"comment_status":"open","ping_status":"open","sticky":false,"template":"","format":"standard","meta":{"footnotes":""},"categories":[9,19],"tags":[29,30,28],"class_list":["post-13973","post","type-post","status-publish","format-standard","has-post-thumbnail","hentry","category-agro-y-salud","category-fotonotas","tag-grid","tag-news","tag-slider"],"_links":{"self":[{"href":"http:\/\/elobservatorio.com.mx\/index.php?rest_route=\/wp\/v2\/posts\/13973"}],"collection":[{"href":"http:\/\/elobservatorio.com.mx\/index.php?rest_route=\/wp\/v2\/posts"}],"about":[{"href":"http:\/\/elobservatorio.com.mx\/index.php?rest_route=\/wp\/v2\/types\/post"}],"author":[{"embeddable":true,"href":"http:\/\/elobservatorio.com.mx\/index.php?rest_route=\/wp\/v2\/users\/2"}],"replies":[{"embeddable":true,"href":"http:\/\/elobservatorio.com.mx\/index.php?rest_route=%2Fwp%2Fv2%2Fcomments&post=13973"}],"version-history":[{"count":0,"href":"http:\/\/elobservatorio.com.mx\/index.php?rest_route=\/wp\/v2\/posts\/13973\/revisions"}],"wp:featuredmedia":[{"embeddable":true,"href":"http:\/\/elobservatorio.com.mx\/index.php?rest_route=\/wp\/v2\/media\/13974"}],"wp:attachment":[{"href":"http:\/\/elobservatorio.com.mx\/index.php?rest_route=%2Fwp%2Fv2%2Fmedia&parent=13973"}],"wp:term":[{"taxonomy":"category","embeddable":true,"href":"http:\/\/elobservatorio.com.mx\/index.php?rest_route=%2Fwp%2Fv2%2Fcategories&post=13973"},{"taxonomy":"post_tag","embeddable":true,"href":"http:\/\/elobservatorio.com.mx\/index.php?rest_route=%2Fwp%2Fv2%2Ftags&post=13973"}],"curies":[{"name":"wp","href":"https:\/\/api.w.org\/{rel}","templated":true}]}}