{"id":1399,"date":"2018-12-28T21:35:52","date_gmt":"2018-12-28T21:35:52","guid":{"rendered":"http:\/\/elobservatorio.com.mx\/rogelio-rueda-renuncia-al-pri-se-va-a-morena"},"modified":"2018-12-28T21:35:52","modified_gmt":"2018-12-28T21:35:52","slug":"rogelio-rueda-renuncia-al-pri-se-va-a-morena","status":"publish","type":"post","link":"http:\/\/elobservatorio.com.mx\/?p=1399","title":{"rendered":"Rogelio Rueda renuncia al PRI, se va a MORENA"},"content":{"rendered":"<p>El actual legislador que lleg\u00f3 al esca\u00f1o con las siglas del PRI, este d\u00eda abandon\u00f3 esas siglas partidistas para sumarse a las de MORENA en el Congreso del Estado.<\/p>\n<p>En una reuni\u00f3n a puerta cerrada, en donde estuvo presente la s\u00faper delegada del gobierno federal, Indira Vizcaino Silva, se llev\u00f3 a cabo este hecho, trascendiendo que Rueda tom\u00f3 la decisi\u00f3n de participar con MORENA dada a la experiencia pol\u00edtica con la que cuenta, experiencia que requieren el resto de los integrantes morenistas para juntos trabajar a favor de Colima.<\/p>\n<p>En unas horas, m\u00e1s se har\u00e1 oficial dicha informaci\u00f3n, a trav\u00e9s de una rueda de prensa, sin embargo, Rogelio Rueda, quien fue dirigente estatal del PRI, Secretario General de Gobierno en el periodo del priista Mario Anguiano, manifest\u00f3 estar contento de haber tomado esa decisi\u00f3n que calific\u00f3 de \u00absabia e inteligente\u00bb, r\u00e1pidamente fue flanqueado por su\u00a0 homologo y\u00a0 ex dirigente municipal del PRI en Tecom\u00e1n,\u00a0 Julio Anguiano Urbina, quien fuera expulsado por Rueda cuando \u00e9ste era dirigente estatal del tricolor.<\/p>\n<p>Aunque pareciera una informaci\u00f3n ver\u00eddica, sin embargo este d\u00eda es\u00a0\u00a0<em><strong>28 de diciembre, d\u00eda de los santos inocentes,\u00a0<\/strong><\/em>\u00a0inocente palomita, has sido enga\u00f1ado.<\/p>\n<p>&nbsp;<\/p>\n<p>&nbsp;<\/p>\n","protected":false},"excerpt":{"rendered":"<p>El actual legislador que lleg\u00f3 al esca\u00f1o con las siglas del PRI, este d\u00eda abandon\u00f3 esas siglas partidistas para sumarse a las de MORENA en el Congreso del Estado. En una reuni\u00f3n a puerta cerrada, en donde estuvo presente la s\u00faper delegada del gobierno federal, Indira Vizcaino Silva, se llev\u00f3 a cabo este hecho, trascendiendo&#8230;<\/p>\n","protected":false},"author":2,"featured_media":1400,"comment_status":"open","ping_status":"open","sticky":false,"template":"","format":"standard","meta":{"footnotes":""},"categories":[10],"tags":[29,30,28],"class_list":["post-1399","post","type-post","status-publish","format-standard","has-post-thumbnail","hentry","category-politica","tag-grid","tag-news","tag-slider"],"_links":{"self":[{"href":"http:\/\/elobservatorio.com.mx\/index.php?rest_route=\/wp\/v2\/posts\/1399"}],"collection":[{"href":"http:\/\/elobservatorio.com.mx\/index.php?rest_route=\/wp\/v2\/posts"}],"about":[{"href":"http:\/\/elobservatorio.com.mx\/index.php?rest_route=\/wp\/v2\/types\/post"}],"author":[{"embeddable":true,"href":"http:\/\/elobservatorio.com.mx\/index.php?rest_route=\/wp\/v2\/users\/2"}],"replies":[{"embeddable":true,"href":"http:\/\/elobservatorio.com.mx\/index.php?rest_route=%2Fwp%2Fv2%2Fcomments&post=1399"}],"version-history":[{"count":0,"href":"http:\/\/elobservatorio.com.mx\/index.php?rest_route=\/wp\/v2\/posts\/1399\/revisions"}],"wp:featuredmedia":[{"embeddable":true,"href":"http:\/\/elobservatorio.com.mx\/index.php?rest_route=\/wp\/v2\/media\/1400"}],"wp:attachment":[{"href":"http:\/\/elobservatorio.com.mx\/index.php?rest_route=%2Fwp%2Fv2%2Fmedia&parent=1399"}],"wp:term":[{"taxonomy":"category","embeddable":true,"href":"http:\/\/elobservatorio.com.mx\/index.php?rest_route=%2Fwp%2Fv2%2Fcategories&post=1399"},{"taxonomy":"post_tag","embeddable":true,"href":"http:\/\/elobservatorio.com.mx\/index.php?rest_route=%2Fwp%2Fv2%2Ftags&post=1399"}],"curies":[{"name":"wp","href":"https:\/\/api.w.org\/{rel}","templated":true}]}}