{"id":14005,"date":"2020-12-17T15:36:48","date_gmt":"2020-12-17T21:36:48","guid":{"rendered":"http:\/\/elobservatorio.com.mx\/?p=14005"},"modified":"2020-12-17T15:36:48","modified_gmt":"2020-12-17T21:36:48","slug":"gobierno-del-estado-mantendra-los-espacios-deportivos-abiertos-al-publico","status":"publish","type":"post","link":"http:\/\/elobservatorio.com.mx\/?p=14005","title":{"rendered":"Gobierno del Estado mantendr\u00e1 los espacios deportivos abiertos al p\u00fablico"},"content":{"rendered":"<p><i>*En periodo vacacional de diciembre a enero +Estas \u00e1reas ser\u00e1n el Parque Ecol\u00f3gico La Campana, las Unidades Deportivas Morelos y Rey Colim\u00e1n (Sur)<\/i><\/p>\n<p class=\"x_MsoNormal\">Durante el periodo vacacional del 19 de diciembre del 2020 al 3 de enero del 2021, el Gobierno del Estado de Colima a trav\u00e9s del Instituto Colimense del Deporte, mantendr\u00e1n los espacios deportivos abiertos al p\u00fablico, as\u00ed lo dio a conocer la directora general del Incode, Ciria Salazar.<\/p>\n<p class=\"x_MsoNormal\">Detall\u00f3 que el Parque Ecol\u00f3gico La Campana, estar\u00e1 abierto de lunes a domingo de 7:00 a 11:00 horas, as\u00ed como de lunes a s\u00e1bado de 16:00 a 19:00 horas. Asimismo, las Unidades Deportivas Morelos y Rey Colim\u00e1n (Sur), de lunes a viernes de 7:00 a 11:00 y 16:00 a 21:00 horas.<\/p>\n<p class=\"x_MsoNormal\">La funcionaria estatal inform\u00f3 que las \u00e1reas estar\u00e1n en abiertas y en funcionamiento para que las personas contin\u00faen ejercit\u00e1ndose y, realizando la actividad f\u00edsica durante esta \u00e9poca.<\/p>\n<p class=\"x_MsoNormal\">Por \u00faltimo, Ciria Salazar solicit\u00f3 a las y los usuarios de dichos espacios deportivos continuar haciendo uso del protocolo sanitario que hay en las \u00e1reas, que utilicen el cubrebocas al llegar y al salir, as\u00ed como el gel alcoholado (antibacterial); adem\u00e1s de lavarse las manos y guardar la distancia.<\/p>\n<p class=\"x_MsoNormal\">\n","protected":false},"excerpt":{"rendered":"<p>*En periodo vacacional de diciembre a enero +Estas \u00e1reas ser\u00e1n el Parque Ecol\u00f3gico La Campana, las Unidades Deportivas Morelos y Rey Colim\u00e1n (Sur) Durante el periodo vacacional del 19 de diciembre del 2020 al 3 de enero del 2021, el Gobierno del Estado de Colima a trav\u00e9s del Instituto Colimense del Deporte, mantendr\u00e1n los espacios&#8230;<\/p>\n","protected":false},"author":2,"featured_media":14006,"comment_status":"open","ping_status":"open","sticky":false,"template":"","format":"standard","meta":{"footnotes":""},"categories":[21],"tags":[29,30,28],"class_list":["post-14005","post","type-post","status-publish","format-standard","has-post-thumbnail","hentry","category-deportes","tag-grid","tag-news","tag-slider"],"_links":{"self":[{"href":"http:\/\/elobservatorio.com.mx\/index.php?rest_route=\/wp\/v2\/posts\/14005"}],"collection":[{"href":"http:\/\/elobservatorio.com.mx\/index.php?rest_route=\/wp\/v2\/posts"}],"about":[{"href":"http:\/\/elobservatorio.com.mx\/index.php?rest_route=\/wp\/v2\/types\/post"}],"author":[{"embeddable":true,"href":"http:\/\/elobservatorio.com.mx\/index.php?rest_route=\/wp\/v2\/users\/2"}],"replies":[{"embeddable":true,"href":"http:\/\/elobservatorio.com.mx\/index.php?rest_route=%2Fwp%2Fv2%2Fcomments&post=14005"}],"version-history":[{"count":0,"href":"http:\/\/elobservatorio.com.mx\/index.php?rest_route=\/wp\/v2\/posts\/14005\/revisions"}],"wp:featuredmedia":[{"embeddable":true,"href":"http:\/\/elobservatorio.com.mx\/index.php?rest_route=\/wp\/v2\/media\/14006"}],"wp:attachment":[{"href":"http:\/\/elobservatorio.com.mx\/index.php?rest_route=%2Fwp%2Fv2%2Fmedia&parent=14005"}],"wp:term":[{"taxonomy":"category","embeddable":true,"href":"http:\/\/elobservatorio.com.mx\/index.php?rest_route=%2Fwp%2Fv2%2Fcategories&post=14005"},{"taxonomy":"post_tag","embeddable":true,"href":"http:\/\/elobservatorio.com.mx\/index.php?rest_route=%2Fwp%2Fv2%2Ftags&post=14005"}],"curies":[{"name":"wp","href":"https:\/\/api.w.org\/{rel}","templated":true}]}}