{"id":14021,"date":"2020-12-18T20:16:19","date_gmt":"2020-12-19T02:16:19","guid":{"rendered":"http:\/\/elobservatorio.com.mx\/?p=14021"},"modified":"2020-12-18T20:16:19","modified_gmt":"2020-12-19T02:16:19","slug":"entrega-gobierno-del-estado-iniciativa-de-ley-para-cumplir-con-la-reforma-laboral","status":"publish","type":"post","link":"http:\/\/elobservatorio.com.mx\/?p=14021","title":{"rendered":"Entrega Gobierno del Estado iniciativa de Ley para cumplir con la Reforma Laboral"},"content":{"rendered":"<p class=\"x_MsoNormal\">El Gobierno del Estado est\u00e1 comprometido a facilitar la implementaci\u00f3n de la Reforma Laboral y el nuevo sistema de Justicia Laboral, asegur\u00f3 la secretaria del Trabajo y Previsi\u00f3n Social del Gobierno del Estado, Esperanza Hern\u00e1ndez Brice\u00f1o.<\/p>\n<p class=\"x_MsoNormal\">La funcionaria estatal acompa\u00f1ada por el director del Trabajo, Arturo Vergara Ch\u00e1vez, acudi\u00f3 al Palacio Legislativo por instrucciones del mandatario estatal, Jos\u00e9 Ignacio Peralta S\u00e1nchez para entregar la iniciativa de Ley con proyecto de Decreto por el que se expide la Ley del Centro del Conciliaci\u00f3n Laboral del Estado de Colima.<\/p>\n<p class=\"x_MsoNormal\">La titular de la Setcol se\u00f1al\u00f3 que se ha dado cumplimiento con lo que establece la Ley y trabaja coordinadamente con la federaci\u00f3n para lograr cristalizar este proyecto, por lo que se espera que el gobierno federal siga apoyando a la entidad.<\/p>\n<p class=\"x_MsoNormal\">Esta iniciativa fue recibida por el Oficial Mayor del Congreso Local, Eligio Aldama Morales, los diputados Remedios Olivera Orozco, Manuel Cervera Garc\u00eda y Lizeth Anaya Mej\u00eda.<\/p>\n","protected":false},"excerpt":{"rendered":"<p>El Gobierno del Estado est\u00e1 comprometido a facilitar la implementaci\u00f3n de la Reforma Laboral y el nuevo sistema de Justicia Laboral, asegur\u00f3 la secretaria del Trabajo y Previsi\u00f3n Social del Gobierno del Estado, Esperanza Hern\u00e1ndez Brice\u00f1o. La funcionaria estatal acompa\u00f1ada por el director del Trabajo, Arturo Vergara Ch\u00e1vez, acudi\u00f3 al Palacio Legislativo por instrucciones del&#8230;<\/p>\n","protected":false},"author":2,"featured_media":14022,"comment_status":"open","ping_status":"open","sticky":false,"template":"","format":"standard","meta":{"footnotes":""},"categories":[16],"tags":[29,30,28],"class_list":["post-14021","post","type-post","status-publish","format-standard","has-post-thumbnail","hentry","category-gobierno","tag-grid","tag-news","tag-slider"],"_links":{"self":[{"href":"http:\/\/elobservatorio.com.mx\/index.php?rest_route=\/wp\/v2\/posts\/14021"}],"collection":[{"href":"http:\/\/elobservatorio.com.mx\/index.php?rest_route=\/wp\/v2\/posts"}],"about":[{"href":"http:\/\/elobservatorio.com.mx\/index.php?rest_route=\/wp\/v2\/types\/post"}],"author":[{"embeddable":true,"href":"http:\/\/elobservatorio.com.mx\/index.php?rest_route=\/wp\/v2\/users\/2"}],"replies":[{"embeddable":true,"href":"http:\/\/elobservatorio.com.mx\/index.php?rest_route=%2Fwp%2Fv2%2Fcomments&post=14021"}],"version-history":[{"count":0,"href":"http:\/\/elobservatorio.com.mx\/index.php?rest_route=\/wp\/v2\/posts\/14021\/revisions"}],"wp:featuredmedia":[{"embeddable":true,"href":"http:\/\/elobservatorio.com.mx\/index.php?rest_route=\/wp\/v2\/media\/14022"}],"wp:attachment":[{"href":"http:\/\/elobservatorio.com.mx\/index.php?rest_route=%2Fwp%2Fv2%2Fmedia&parent=14021"}],"wp:term":[{"taxonomy":"category","embeddable":true,"href":"http:\/\/elobservatorio.com.mx\/index.php?rest_route=%2Fwp%2Fv2%2Fcategories&post=14021"},{"taxonomy":"post_tag","embeddable":true,"href":"http:\/\/elobservatorio.com.mx\/index.php?rest_route=%2Fwp%2Fv2%2Ftags&post=14021"}],"curies":[{"name":"wp","href":"https:\/\/api.w.org\/{rel}","templated":true}]}}