{"id":14031,"date":"2020-12-18T22:36:56","date_gmt":"2020-12-19T04:36:56","guid":{"rendered":"http:\/\/elobservatorio.com.mx\/?p=14031"},"modified":"2020-12-18T22:52:41","modified_gmt":"2020-12-19T04:52:41","slug":"megalupazos-3","status":"publish","type":"post","link":"http:\/\/elobservatorio.com.mx\/?p=14031","title":{"rendered":"#MegaLupazos"},"content":{"rendered":"<p><em><strong>Lo que est\u00e1 pasando pero no se dice&#8230;<\/strong><\/em><\/p>\n<p><strong>INTERNAS DE MORENA<\/strong><\/p>\n<p>En MORENA <strong>Colima <\/strong>no les est\u00e1 yendo nada bien para definir las candidaturas. Como se ve\u00eda venir, este partido desde un principio arranc\u00f3 mal y el que mal inicia mal acaba. Por no seleccionar sus candidatos, en la pasada elecci\u00f3n agarr\u00f3 a cada personaje que se le atraves\u00f3 en el camino, aparecieron en las boletas sin esperar que ganar\u00edan en las urnas. Y como el que nunca tuvo y lleg\u00f3 a tener, loco se quiere volver. Actualmente los dos grupos que controlan el poder y el partido en la entidad se disputan candidaturas; por un lado el diputado Vladimir Parra operando a favor de la ex super delegada <strong>Indira Vizcaino<\/strong> y por el otro, desde el Comit\u00e9 Estatal haci\u00e9ndolo a favor de la diputada federal, <strong>Claudia Y\u00e1\u00f1ez Centeno<\/strong>. En MORENA no cantan mal las rancheras, tambi\u00e9n tienen con queso las quesadillas y es que ambos grupos operan en las redes sociales a trav\u00e9s de trolles que se entretienen y desquitan su sueldo tir\u00e1ndose y adjudic\u00e1ndose que ambas mujeres van arriba de las encuestas. Hoy viernes 18 de diciembre debi\u00f3 de haber salido ya el nombre de quien ser\u00e1 la abanderada de MORENA pero se les est\u00e1 haciendo bolas el engrudo. Mientras tanto seguir\u00e1n los ataques y descalificaciones de ambos grupos en donde se pueda y quiera.<\/p>\n<p><strong>INTERNAS DEL PRI-AN<\/strong><\/p>\n<p>Y qui\u00e9n ya se hab\u00eda bajado de la contienda electoral en busca de la gubernatura del estado es el tecomense, Ingeniero civil, <strong>Oscar Armando Avalos Verdugo<\/strong>. Lleg\u00f3 a la recta final hasta que el INE determin\u00f3 que de las 15 candidaturas que estar\u00e1n en juego este 2021, siete deb\u00edan ser mujeres. Esta situaci\u00f3n relativamente lo baj\u00f3 de la contienda, sin embargo, lo salv\u00f3 la campana cuando el <em>Tribunal\u00a0 Electoral del Poder Judicial de la Federaci\u00f3n<\/em> (TEPJF) revoc\u00f3 la resoluci\u00f3n del INE que ordenaba a los partidos pol\u00edticos la paridad de g\u00e9nero en la postulaci\u00f3n de sus candidaturas a las gubernaturas, al considerar que dicha autoridad se excedi\u00f3 en sus facultades, al violar el principio de reserva de ley.<\/p>\n<p>\u00abEl hecho de que a la fecha no existan directrices por parte de la legislatura para la postulaci\u00f3n paritaria en gubernaturas, no habilita a las autoridades electorales a imponer obligaciones a los partidos pol\u00edticos, pues se trata de una cuesti\u00f3n que, constitucionalmente compete definir en exclusiva a los Congresos Estatales y al Congreso de la Uni\u00f3n.<br \/>\nEn consecuencia, las Magistradas y los Magistrados tambi\u00e9n vincularon a los referidos \u00f3rganos legislativos para que legislen y garanticen la paridad respecto de las gubernaturas en los pr\u00f3ximos procesos electorales posteriores a los de 2021.<br \/>\nFinalmente, acordaron vincular a los partidos pol\u00edticos a que, en la medida de lo posible, en atenci\u00f3n a sus disposiciones internas, en las elecciones del pr\u00f3ximo 6 de junio, en lo que toca a la selecci\u00f3n de sus candidaturas a las gubernaturas, y respetando el principio de paridad de g\u00e9nero, postulen el mayor n\u00famero de mujeres posible\u00bb.<\/p>\n<p>Inmediatamente al Ingeniero <strong>Oscar Avalos<\/strong> le regres\u00f3 la sonrisa y ahora pedir\u00e1 a su partido el PRI que lo mida en las encuestas al igual que su compa\u00f1era de partido la ex senadora <strong>Mely Romero Celis<\/strong>, que hasta el momento suena como la favorita para encabezar dicha candidatura por la alianza PRI-AN-RD en Colima. De los municipios y distritos luego hablamos<\/p>\n<p><strong>INTERNAS DEL VERDE<\/strong><\/p>\n<p>Y en el Partido Verde, entre son peras o manzanas, ya va amarrada una alianza con el PT para los cargos locales, no se pudo concretar con MORENA y decidieron mejor irse los dos partidos que siempre han sido aliados pero sin hacerlo oficialmente como esta ocasi\u00f3n. El Verde a trav\u00e9s de su l\u00edder estatal y precandidato a gobernador del estado por dicho partido, Virgilio Mendoza, fue paciente en esperar a que se diera la alianza tambi\u00e9n con MORENA, si aqu\u00ed en lo local no se lograba la negociaci\u00f3n, posiblemente saliera a trav\u00e9s de un acuerdo en el nacional, pero se venci\u00f3 el plazo y no se logr\u00f3. Mientras Virgilio esperaba el momento, a su paso se dio a la tarea de ir jalando a su partido cuadros valiosos de todos los municipios, que ya tienen trabajo y trayectoria. Como en la Villa que tras un desacuerdo con el emecista <strong>Leoncio Mor\u00e1n<\/strong>, el actual alcalde <strong>Felipe Cruz<\/strong> que gan\u00f3 con las siglas del MC se fue al Verde, en Tecom\u00e1n sum\u00f3 a los muy sonados <strong>Doctores Orozco<\/strong>,<strong> Dr Becerra<\/strong> y el empresario carnicero <strong>Carlos I\u00f1iguez<\/strong>, por mencionar solo a algunos. Virgilio Mendoza aprovech\u00f3 que todos esos personajes buscaban un espacio para participar en pol\u00edtica e inmediatamente les ofreci\u00f3 su partido. Fue as\u00ed como Virgilio ha estado sumando liderazgos y se posiciona como un fuerte aspirante a la gubernatura del estado. En pol\u00edtica las sumas siempre ganan.<\/p>\n<p><strong>INTERNAS EN EL MC<\/strong><\/p>\n<p>El m\u00e1s perdedor de esta contienda de cara al proceso electoral del 2021 ha sido hasta el momento el alcalde capitalino <strong>Leoncio Mor\u00e1n<\/strong>, mejor conocido como Locho. Quien no ha sabido conducir el partido al escenario de las sumas, se ha sentado en su macho en decir que MC es Locho y nadie m\u00e1s puede ser candidato a gobernador, mucho menos hacer compromisos con nadie porque llegar\u00e1 al gobierno estatal bien comprometido. Muchos aspirantes a lo largo y ancho del estado en su momento coqueteaban con MC, intentaron llamar la atenci\u00f3n para que Locho los volteara a ver como sus aliados y jalarlos para alguna candidatura. Seg\u00fan ellos tra\u00edan sus cifras o su an\u00e1lisis de que Locho Mor\u00e1n ganar\u00eda las elecciones este 2021 dado a que hasta MORENA decepcion\u00f3 como gobierno.<\/p>\n<p>Sin embargo por m\u00e1s intentos que hicieron no lograron, pero a la vez tambi\u00e9n a Locho se le fue cayendo la \u00abpopularidad\u00bb. Por ejemplo en Tecom\u00e1n hizo mucho ruido la supuesta integraci\u00f3n de <strong>Armando Reyna Maga\u00f1a<\/strong> a dicho partido, aunque \u00e9ste no se decid\u00eda si irse o seguir en el PRI, quiz\u00e1s porque no ten\u00eda nada seguro en MC, mientras tanto ya lo daban como candidato a la presidencia municipal por dicho partido, finalmente sigue en el PRI o al menos as\u00ed se ve. Aunque se ha mencionado que ir\u00eda el charro tecomense,\u00a0 <strong>Roberto Verduzco<\/strong>, sin embargo, vaya quien vaya, Locho no cuenta con estructura mucho menos lo conocen en esta zona. Adem\u00e1s se le est\u00e1 yendo el tiempo y los mejores cuadros que aspiraban irse a MC han preferido buscar su rumbo pol\u00edtico a otros partido m\u00e1s fuertes y con estructura, se han ido a sumar y a hacer equipo. En el Movimiento Ciudadano de Locho, la suma no es lo suyo, ah\u00ed el \u00fanico que cuenta es \u00e9l y nada m\u00e1s \u00e9l.<\/p>\n<p><em>De los otros partidos en otra colaboraci\u00f3n nos encargamos.\u00a0<\/em><\/p>\n<p><strong>EL\u00cdAS Y LOS TUGURIOS<\/strong><\/p>\n<p>No cesan las molestias de los elementos de seguridad p\u00fablica en Tecom\u00e1n. Esta ocasi\u00f3n est\u00e1n enojados porque el alcalde tecomense, el morenista <strong>El\u00edas Lozano Ochoa<\/strong> les pretende hacer una posada navide\u00f1a en un centro botanero del municipio. en donde ni como civiles han ido, mucho menos como polic\u00edas.<\/p>\n<p>Elementos cuestionan si eso vale para el presidente municipal el trabajo de los polic\u00edas, un lugar de mala muerte y no un lugar digno en donde pueden pasar un agradable momento ya sea en un sal\u00f3n de fiestas, que hasta pueden cooperar para que se rente. La posada navide\u00f1a la pretenden hacer este lunes 21 y piden que se evite porque en su mayor\u00eda no asistir\u00e1n.<\/p>\n<p>Si el lugar est\u00e1 de mala muerte, que no digamos lo que comer\u00e1n y beber\u00e1n, ya no se diga los regalos. Definitivamente el alcalde El\u00edas Lozano sigue d\u00e1ndole un trato indigno a sus polic\u00edas, por eso muchos con \u00e9l no van a la esquina, es decir, no lo quieren ver ni en pintura. El edil se ha ganado de ellos el repudio, enemigos y mentadas gratis. Lo volver\u00e1n a ver en las boletas porque se pretende reelegir porque sus datos le dicen que ha sido el mejor alcalde.<\/p>\n<p>&nbsp;<\/p>\n<p>&nbsp;<\/p>\n<p>&nbsp;<\/p>\n<p>&nbsp;<\/p>\n<p>&nbsp;<\/p>\n<p>&nbsp;<\/p>\n","protected":false},"excerpt":{"rendered":"<p>Lo que est\u00e1 pasando pero no se dice&#8230; INTERNAS DE MORENA En MORENA Colima no les est\u00e1 yendo nada bien para definir las candidaturas. Como se ve\u00eda venir, este partido desde un principio arranc\u00f3 mal y el que mal inicia mal acaba. Por no seleccionar sus candidatos, en la pasada elecci\u00f3n agarr\u00f3 a cada personaje&#8230;<\/p>\n","protected":false},"author":2,"featured_media":4170,"comment_status":"open","ping_status":"open","sticky":false,"template":"","format":"standard","meta":{"footnotes":""},"categories":[11],"tags":[29,30,28],"class_list":["post-14031","post","type-post","status-publish","format-standard","has-post-thumbnail","hentry","category-opinion","tag-grid","tag-news","tag-slider"],"_links":{"self":[{"href":"http:\/\/elobservatorio.com.mx\/index.php?rest_route=\/wp\/v2\/posts\/14031"}],"collection":[{"href":"http:\/\/elobservatorio.com.mx\/index.php?rest_route=\/wp\/v2\/posts"}],"about":[{"href":"http:\/\/elobservatorio.com.mx\/index.php?rest_route=\/wp\/v2\/types\/post"}],"author":[{"embeddable":true,"href":"http:\/\/elobservatorio.com.mx\/index.php?rest_route=\/wp\/v2\/users\/2"}],"replies":[{"embeddable":true,"href":"http:\/\/elobservatorio.com.mx\/index.php?rest_route=%2Fwp%2Fv2%2Fcomments&post=14031"}],"version-history":[{"count":0,"href":"http:\/\/elobservatorio.com.mx\/index.php?rest_route=\/wp\/v2\/posts\/14031\/revisions"}],"wp:featuredmedia":[{"embeddable":true,"href":"http:\/\/elobservatorio.com.mx\/index.php?rest_route=\/wp\/v2\/media\/4170"}],"wp:attachment":[{"href":"http:\/\/elobservatorio.com.mx\/index.php?rest_route=%2Fwp%2Fv2%2Fmedia&parent=14031"}],"wp:term":[{"taxonomy":"category","embeddable":true,"href":"http:\/\/elobservatorio.com.mx\/index.php?rest_route=%2Fwp%2Fv2%2Fcategories&post=14031"},{"taxonomy":"post_tag","embeddable":true,"href":"http:\/\/elobservatorio.com.mx\/index.php?rest_route=%2Fwp%2Fv2%2Ftags&post=14031"}],"curies":[{"name":"wp","href":"https:\/\/api.w.org\/{rel}","templated":true}]}}