{"id":14052,"date":"2020-12-20T12:57:42","date_gmt":"2020-12-20T18:57:42","guid":{"rendered":"http:\/\/elobservatorio.com.mx\/?p=14052"},"modified":"2020-12-20T12:57:42","modified_gmt":"2020-12-20T18:57:42","slug":"colectivo-ciudadano-porque-no-inicia-en-real-del-valle-proyecto-de-colonia-sustentable","status":"publish","type":"post","link":"http:\/\/elobservatorio.com.mx\/?p=14052","title":{"rendered":"Colectivo Ciudadano \u00bfPorqu\u00e9 No? inicia en Real del Valle proyecto de \u00abcolonia sustentable\u00bb"},"content":{"rendered":"<p><em>*Se invitar\u00e1 a los vecinos a que participen en el reciclado de basura y aceites comestibles entre otros residuos, a cambio de la instalaci\u00f3n de paneles solares y mejores espacios iluminados, informa Paco Espinoza<\/em><\/p>\n<p>Belisario Romero | El Observatorio<\/p>\n<p>Tecom\u00e1n Col.- El colectivo ciudadano, <strong>\u00bfPorqu\u00e9 No? que coordina Paco Espinoza<\/strong>, durante la semana que concluye, arranc\u00f3 con el proyecto de colonia sustentable, escogiendo como primera de ellas a la Real del Valle, en donde asistieron para informarle a los vecinos de qu\u00e9 se trata del proyecto e invitarlos a que se sumen.<\/p>\n<p>Se realiz\u00f3 la primera platica en donde adem\u00e1s se les habl\u00f3 del Reciclado-Luz-Deporte, que incluye dotar a las primeras 2 casas habitaci\u00f3n de la zona con paneles solares.<\/p>\n<p>Para conocer m\u00e1s detalles tendr\u00e1n una cita este lunes a las 8 pm donde dar\u00e1n a conocer detalles e invit\u00f3 \u00a0a todos los colonos\u00a0 a que se integren a este gran proyecto que viene en beneficio de su colonia y hogares.<\/p>\n<p>\u00abLlevamos integrados 158 casa que aceptaron asistir, la meta es llegar a 500 nom\u00e1s en esa colonia\u00bb, concluy\u00f3 Paco Espinoza<\/p>\n<p><img loading=\"lazy\" decoding=\"async\" class=\"alignnone wp-image-14053 size-full\" src=\"http:\/\/elobservatorio.com.mx\/wp-content\/uploads\/2020\/12\/luz.jpg\" alt=\"\" width=\"603\" height=\"900\" srcset=\"http:\/\/elobservatorio.com.mx\/wp-content\/uploads\/2020\/12\/luz.jpg 603w, http:\/\/elobservatorio.com.mx\/wp-content\/uploads\/2020\/12\/luz-201x300.jpg 201w\" sizes=\"(max-width: 603px) 100vw, 603px\" \/><\/p>\n","protected":false},"excerpt":{"rendered":"<p>*Se invitar\u00e1 a los vecinos a que participen en el reciclado de basura y aceites comestibles entre otros residuos, a cambio de la instalaci\u00f3n de paneles solares y mejores espacios iluminados, informa Paco Espinoza Belisario Romero | El Observatorio Tecom\u00e1n Col.- El colectivo ciudadano, \u00bfPorqu\u00e9 No? que coordina Paco Espinoza, durante la semana que concluye,&#8230;<\/p>\n","protected":false},"author":2,"featured_media":14054,"comment_status":"open","ping_status":"open","sticky":false,"template":"","format":"standard","meta":{"footnotes":""},"categories":[8,34],"tags":[29,30,28],"class_list":["post-14052","post","type-post","status-publish","format-standard","has-post-thumbnail","hentry","category-municipios","category-tecoman","tag-grid","tag-news","tag-slider"],"_links":{"self":[{"href":"http:\/\/elobservatorio.com.mx\/index.php?rest_route=\/wp\/v2\/posts\/14052"}],"collection":[{"href":"http:\/\/elobservatorio.com.mx\/index.php?rest_route=\/wp\/v2\/posts"}],"about":[{"href":"http:\/\/elobservatorio.com.mx\/index.php?rest_route=\/wp\/v2\/types\/post"}],"author":[{"embeddable":true,"href":"http:\/\/elobservatorio.com.mx\/index.php?rest_route=\/wp\/v2\/users\/2"}],"replies":[{"embeddable":true,"href":"http:\/\/elobservatorio.com.mx\/index.php?rest_route=%2Fwp%2Fv2%2Fcomments&post=14052"}],"version-history":[{"count":0,"href":"http:\/\/elobservatorio.com.mx\/index.php?rest_route=\/wp\/v2\/posts\/14052\/revisions"}],"wp:featuredmedia":[{"embeddable":true,"href":"http:\/\/elobservatorio.com.mx\/index.php?rest_route=\/wp\/v2\/media\/14054"}],"wp:attachment":[{"href":"http:\/\/elobservatorio.com.mx\/index.php?rest_route=%2Fwp%2Fv2%2Fmedia&parent=14052"}],"wp:term":[{"taxonomy":"category","embeddable":true,"href":"http:\/\/elobservatorio.com.mx\/index.php?rest_route=%2Fwp%2Fv2%2Fcategories&post=14052"},{"taxonomy":"post_tag","embeddable":true,"href":"http:\/\/elobservatorio.com.mx\/index.php?rest_route=%2Fwp%2Fv2%2Ftags&post=14052"}],"curies":[{"name":"wp","href":"https:\/\/api.w.org\/{rel}","templated":true}]}}