{"id":14071,"date":"2020-12-20T23:53:31","date_gmt":"2020-12-21T05:53:31","guid":{"rendered":"http:\/\/elobservatorio.com.mx\/?p=14071"},"modified":"2020-12-20T23:53:31","modified_gmt":"2020-12-21T05:53:31","slug":"morena-y-nueva-alianza-registran-convenio-para-ayuntamientos-y-diputaciones","status":"publish","type":"post","link":"http:\/\/elobservatorio.com.mx\/?p=14071","title":{"rendered":"Morena y Nueva Alianza registran convenio para ayuntamientos y diputaciones"},"content":{"rendered":"<p>Este domingo, el presidente del Comit\u00e9 Ejecutivo Estatal del Movimiento de Regeneraci\u00f3n Nacional (<strong>morena<\/strong>), Sergio Jim\u00e9nez Bojado, y el dirigente de Nueva Alianza Colima, Francisco Javier Pinto Torres, acudieron en tiempo y forma, de acuerdo a lo establecido por el Instituto Electoral del estado de Colima (IEEC), a presentar la solicitud del debido registro del Convenio entre ambos institutos pol\u00edticos, bajo la figura de candidatura com\u00fan, a los ayuntamientos y diputaciones locales.<\/p>\n<p>Con ello, asegur\u00f3 el presidente de morena en Colima, \u201cestamos en la mejor disposici\u00f3n de esperar el resultado de la revisi\u00f3n de los documentos presentados\u201d.<\/p>\n<p>Tras la solicitud de registro, el Consejo General del Instituto Electoral del estado cuenta con cinco d\u00edas naturales para resolver si el convenio es aprobado por este organismo electoral.<\/p>\n<p>&nbsp;<\/p>\n","protected":false},"excerpt":{"rendered":"<p>Este domingo, el presidente del Comit\u00e9 Ejecutivo Estatal del Movimiento de Regeneraci\u00f3n Nacional (morena), Sergio Jim\u00e9nez Bojado, y el dirigente de Nueva Alianza Colima, Francisco Javier Pinto Torres, acudieron en tiempo y forma, de acuerdo a lo establecido por el Instituto Electoral del estado de Colima (IEEC), a presentar la solicitud del debido registro del&#8230;<\/p>\n","protected":false},"author":2,"featured_media":14072,"comment_status":"open","ping_status":"open","sticky":false,"template":"","format":"standard","meta":{"footnotes":""},"categories":[52,10],"tags":[29,30,28],"class_list":["post-14071","post","type-post","status-publish","format-standard","has-post-thumbnail","hentry","category-elecciones-2021","category-politica","tag-grid","tag-news","tag-slider"],"_links":{"self":[{"href":"http:\/\/elobservatorio.com.mx\/index.php?rest_route=\/wp\/v2\/posts\/14071"}],"collection":[{"href":"http:\/\/elobservatorio.com.mx\/index.php?rest_route=\/wp\/v2\/posts"}],"about":[{"href":"http:\/\/elobservatorio.com.mx\/index.php?rest_route=\/wp\/v2\/types\/post"}],"author":[{"embeddable":true,"href":"http:\/\/elobservatorio.com.mx\/index.php?rest_route=\/wp\/v2\/users\/2"}],"replies":[{"embeddable":true,"href":"http:\/\/elobservatorio.com.mx\/index.php?rest_route=%2Fwp%2Fv2%2Fcomments&post=14071"}],"version-history":[{"count":0,"href":"http:\/\/elobservatorio.com.mx\/index.php?rest_route=\/wp\/v2\/posts\/14071\/revisions"}],"wp:featuredmedia":[{"embeddable":true,"href":"http:\/\/elobservatorio.com.mx\/index.php?rest_route=\/wp\/v2\/media\/14072"}],"wp:attachment":[{"href":"http:\/\/elobservatorio.com.mx\/index.php?rest_route=%2Fwp%2Fv2%2Fmedia&parent=14071"}],"wp:term":[{"taxonomy":"category","embeddable":true,"href":"http:\/\/elobservatorio.com.mx\/index.php?rest_route=%2Fwp%2Fv2%2Fcategories&post=14071"},{"taxonomy":"post_tag","embeddable":true,"href":"http:\/\/elobservatorio.com.mx\/index.php?rest_route=%2Fwp%2Fv2%2Ftags&post=14071"}],"curies":[{"name":"wp","href":"https:\/\/api.w.org\/{rel}","templated":true}]}}