{"id":1411,"date":"2019-01-03T18:58:45","date_gmt":"2019-01-03T18:58:45","guid":{"rendered":"http:\/\/elobservatorio.com.mx\/mujeres-empresarias-del-estado-y-felipe-cruz-impulsaran-desarrollo-de-villa-de-alvarez"},"modified":"2019-01-03T18:58:45","modified_gmt":"2019-01-03T18:58:45","slug":"mujeres-empresarias-del-estado-y-felipe-cruz-impulsaran-desarrollo-de-villa-de-alvarez","status":"publish","type":"post","link":"http:\/\/elobservatorio.com.mx\/?p=1411","title":{"rendered":"Mujeres empresarias del Estado y Felipe Cruz impulsar\u00e1n desarrollo de Villa de \u00c1lvarez"},"content":{"rendered":"<p><em>*En mayo emprender\u00e1n proyecto \u201cVisibilizando Villa de \u00c1lvarez\u201d<\/em><\/p>\n<p>Impulso y promoci\u00f3n de lugares tur\u00edsticos de Villa de \u00c1lvarez, respaldo a empresas y comercios de este municipio, as\u00ed como reconocimiento a su memoria y cultura son, entre otras acciones las son las que la Asociaci\u00f3n Mexicana de Mujeres Empresarias del Estado de Colima A. C. (AMMEEC) est\u00e1 considerando para mayo del presente a\u00f1o, con el proyecto \u201cVisibilizando Villa de \u00c1lvarez\u201d.<\/p>\n<p>As\u00ed lo informaron integrantes de esta asociaci\u00f3n empresarial femenina del Estado de Colima, durante una visita al Presidente Municipal Felipe Cruz Calvario, en la que expresaron que est5\u00e1n integradas a este organismo 24 mujeres villalvarenses.<\/p>\n<p>Ver\u00f3nica Cario, Presidenta de la AMMEEC, quien tom\u00f3 la palabra, inform\u00f3 que integrantes de esta asociaci\u00f3n en toda la entidad har\u00e1n un recorrido por Villa de \u00c1lvarez, en dos camiones, visitando todos los puntos tur\u00edsticos, para poner en el centro de la actividad empresarial a este municipio, visibiliz\u00e1ndolo a\u00fan m\u00e1s en la entidad y fuera de \u00e9sta.<\/p>\n<p>El alcalde, por su parte, agradeci\u00f3 este gesto y expres\u00f3 su disposici\u00f3n a coordinarse con este sector, al que siempre Villa de \u00c1lvarez estar\u00e1 recibiendo con gratitud y entusiasmo.<\/p>\n<p>Adem\u00e1s de Ver\u00f3nica cario, estuvieron presentes Wendy Curiel, delegada de AMMEEC en Villa de \u00c1lvarez; Lina Zint Zun, del Consejo Directivo, Sara Torres Velasco, Coordinadora de Vinculaci\u00f3n Educativa; e Imelda Hern\u00e1ndez, integrante del Comit\u00e9 Directivo de AMMEEC Villa de \u00c1lvarez.<\/p>\n<p>&nbsp;<\/p>\n","protected":false},"excerpt":{"rendered":"<p>*En mayo emprender\u00e1n proyecto \u201cVisibilizando Villa de \u00c1lvarez\u201d Impulso y promoci\u00f3n de lugares tur\u00edsticos de Villa de \u00c1lvarez, respaldo a empresas y comercios de este municipio, as\u00ed como reconocimiento a su memoria y cultura son, entre otras acciones las son las que la Asociaci\u00f3n Mexicana de Mujeres Empresarias del Estado de Colima A. C. (AMMEEC)&#8230;<\/p>\n","protected":false},"author":2,"featured_media":1412,"comment_status":"open","ping_status":"open","sticky":false,"template":"","format":"standard","meta":{"footnotes":""},"categories":[8,42],"tags":[29,30,28],"class_list":["post-1411","post","type-post","status-publish","format-standard","has-post-thumbnail","hentry","category-municipios","category-villa-de-alvarez","tag-grid","tag-news","tag-slider"],"_links":{"self":[{"href":"http:\/\/elobservatorio.com.mx\/index.php?rest_route=\/wp\/v2\/posts\/1411"}],"collection":[{"href":"http:\/\/elobservatorio.com.mx\/index.php?rest_route=\/wp\/v2\/posts"}],"about":[{"href":"http:\/\/elobservatorio.com.mx\/index.php?rest_route=\/wp\/v2\/types\/post"}],"author":[{"embeddable":true,"href":"http:\/\/elobservatorio.com.mx\/index.php?rest_route=\/wp\/v2\/users\/2"}],"replies":[{"embeddable":true,"href":"http:\/\/elobservatorio.com.mx\/index.php?rest_route=%2Fwp%2Fv2%2Fcomments&post=1411"}],"version-history":[{"count":0,"href":"http:\/\/elobservatorio.com.mx\/index.php?rest_route=\/wp\/v2\/posts\/1411\/revisions"}],"wp:featuredmedia":[{"embeddable":true,"href":"http:\/\/elobservatorio.com.mx\/index.php?rest_route=\/wp\/v2\/media\/1412"}],"wp:attachment":[{"href":"http:\/\/elobservatorio.com.mx\/index.php?rest_route=%2Fwp%2Fv2%2Fmedia&parent=1411"}],"wp:term":[{"taxonomy":"category","embeddable":true,"href":"http:\/\/elobservatorio.com.mx\/index.php?rest_route=%2Fwp%2Fv2%2Fcategories&post=1411"},{"taxonomy":"post_tag","embeddable":true,"href":"http:\/\/elobservatorio.com.mx\/index.php?rest_route=%2Fwp%2Fv2%2Ftags&post=1411"}],"curies":[{"name":"wp","href":"https:\/\/api.w.org\/{rel}","templated":true}]}}