{"id":1423,"date":"2019-01-03T19:22:07","date_gmt":"2019-01-03T19:22:07","guid":{"rendered":"http:\/\/elobservatorio.com.mx\/se-registran-7-aspirantes-a-reina-de-los-festejos-charrotaurinos-2019"},"modified":"2019-01-03T19:23:08","modified_gmt":"2019-01-03T19:23:08","slug":"se-registran-7-aspirantes-a-reina-de-los-festejos-charrotaurinos-2019","status":"publish","type":"post","link":"http:\/\/elobservatorio.com.mx\/?p=1423","title":{"rendered":"Se registran 7 aspirantes a Reina de los Festejos Charrotaurinos 2019"},"content":{"rendered":"<p class=\"x_MsoNormal\"><em>*Asimismo se tienen 7 propuestas para el cartel de las fiestas villalvarenses<\/em><\/p>\n<p class=\"x_MsoNormal\">Hoy concluyeron las inscripciones de la convocatoria para elegir a la Reina de los Festejos Charrotaurinos 2019, con un total de 7 aspirantes.<\/p>\n<p class=\"x_MsoNormal\">Los requisitos que tuvieron que cumplir las aspirantes son: \u00a0ser mujer soltera, no tener hijos, tener entre 17 y 22 a\u00f1os de edad, acreditar 3 a\u00f1os de residencia\u00a0 en el municipio, saber montar a caballo y no haber participado anteriormente en el certamen.<\/p>\n<p class=\"x_MsoNormal\">Las interesadas presentaron copia de acta de nacimiento, copia de comprobante de domicilio, y carta de consentimiento de padre o tutor, en caso de ser menor de edad.<\/p>\n<p class=\"x_MsoNormal\">Adem\u00e1s, cada una integr\u00f3 un comit\u00e9 de apoyo para realizar las actividades que le permitan recabar fondos para los gastos de representaci\u00f3n.<\/p>\n<p class=\"x_MsoNormal\">La elecci\u00f3n se realizar\u00e1 el pr\u00f3ximo s\u00e1bado 26 de enero \u00a0tomando en cuenta aspectos como belleza, elegancia, simpat\u00eda, facilidad de palabra, as\u00ed como que cada una de las participantes tenga conocimientos de los antecedentes hist\u00f3ricos de las tradiciones villalvarenses.<\/p>\n<p class=\"x_MsoNormal\">Y la coronaci\u00f3n de la reina se llevar\u00e1 a cabo el 2 de febrero, previo al arranque de las fiestas villalvarenses.<\/p>\n<p class=\"x_MsoNormal\">Por otra parte, la convocatoria para elegir al cartel de los Festejos Charrotaurinos cerr\u00f3 con \u00e9xito con un total de 7 propuestas de dise\u00f1adores, artistas pl\u00e1sticos y p\u00fablico en general que cumplieron con los requisitos.<\/p>\n<p class=\"x_MsoNormal\">El concurso se hizo con la finalidad de elegir un cartel original para promocionar las Fiestas Charro Taurinas Villa de \u00c1lvarez 2019, mismo que ser\u00e1 reproducido y difundido a nivel estatal y nacional por medio de distintas aplicaciones.<\/p>\n<p class=\"x_MsoNormal\">Uno de los requisitos con los que \u00a0debe cumplir el cartel ganador, es que debe resaltar las tradiciones, costumbres, cultura y valores de nuestro municipio, principalmente La Petatera, y corridas formales.<\/p>\n<p class=\"x_MsoNormal\">Adem\u00e1s, \u00a0tendr\u00e1 que incluir de manera destacada y obligatoria la Leyenda 162 Edici\u00f3n de las Fiestas Charro Taurinas Villa de \u00c1lvarez 2019.<\/p>\n<p class=\"x_MsoNormal\">El resultado con el nombre del ganador se dar\u00e1 conocer el d\u00eda 7 de Enero del 2019 en la p\u00e1gina Facebook\u00a0 Patronato de Festejos Charro Taurinos de Villa de \u00c1lvarez, as\u00ed como en diversos medios de comunicaci\u00f3n. Y se le otorgara un \u00fanico premio de\u00a0 5 mil pesos.<\/p>\n<p class=\"x_MsoNormal\">\n<p class=\"x_MsoNormal\">\n<p class=\"x_MsoNormal\">\n","protected":false},"excerpt":{"rendered":"<p>*Asimismo se tienen 7 propuestas para el cartel de las fiestas villalvarenses Hoy concluyeron las inscripciones de la convocatoria para elegir a la Reina de los Festejos Charrotaurinos 2019, con un total de 7 aspirantes. Los requisitos que tuvieron que cumplir las aspirantes son: \u00a0ser mujer soltera, no tener hijos, tener entre 17 y 22&#8230;<\/p>\n","protected":false},"author":2,"featured_media":1424,"comment_status":"open","ping_status":"open","sticky":false,"template":"","format":"standard","meta":{"footnotes":""},"categories":[8,42],"tags":[29,30,28],"class_list":["post-1423","post","type-post","status-publish","format-standard","has-post-thumbnail","hentry","category-municipios","category-villa-de-alvarez","tag-grid","tag-news","tag-slider"],"_links":{"self":[{"href":"http:\/\/elobservatorio.com.mx\/index.php?rest_route=\/wp\/v2\/posts\/1423"}],"collection":[{"href":"http:\/\/elobservatorio.com.mx\/index.php?rest_route=\/wp\/v2\/posts"}],"about":[{"href":"http:\/\/elobservatorio.com.mx\/index.php?rest_route=\/wp\/v2\/types\/post"}],"author":[{"embeddable":true,"href":"http:\/\/elobservatorio.com.mx\/index.php?rest_route=\/wp\/v2\/users\/2"}],"replies":[{"embeddable":true,"href":"http:\/\/elobservatorio.com.mx\/index.php?rest_route=%2Fwp%2Fv2%2Fcomments&post=1423"}],"version-history":[{"count":0,"href":"http:\/\/elobservatorio.com.mx\/index.php?rest_route=\/wp\/v2\/posts\/1423\/revisions"}],"wp:featuredmedia":[{"embeddable":true,"href":"http:\/\/elobservatorio.com.mx\/index.php?rest_route=\/wp\/v2\/media\/1424"}],"wp:attachment":[{"href":"http:\/\/elobservatorio.com.mx\/index.php?rest_route=%2Fwp%2Fv2%2Fmedia&parent=1423"}],"wp:term":[{"taxonomy":"category","embeddable":true,"href":"http:\/\/elobservatorio.com.mx\/index.php?rest_route=%2Fwp%2Fv2%2Fcategories&post=1423"},{"taxonomy":"post_tag","embeddable":true,"href":"http:\/\/elobservatorio.com.mx\/index.php?rest_route=%2Fwp%2Fv2%2Ftags&post=1423"}],"curies":[{"name":"wp","href":"https:\/\/api.w.org\/{rel}","templated":true}]}}