{"id":1427,"date":"2019-01-03T19:54:39","date_gmt":"2019-01-03T19:54:39","guid":{"rendered":"http:\/\/elobservatorio.com.mx\/en-aumento-el-vandalismo-y-robos-en-el-centro-de-tecoman"},"modified":"2019-01-03T19:54:39","modified_gmt":"2019-01-03T19:54:39","slug":"en-aumento-el-vandalismo-y-robos-en-el-centro-de-tecoman","status":"publish","type":"post","link":"http:\/\/elobservatorio.com.mx\/?p=1427","title":{"rendered":"En aumento el vandalismo y robos en el centro de Tecom\u00e1n"},"content":{"rendered":"<p><em>*Anoche dieron un \u00abcristalazo\u00bb a un comerciante de la zona<\/em><\/p>\n<p>Tecom\u00e1n Col.- Los robos a comercios y actos de vandalismo han estado en aumento en la zona centro de Tecom\u00e1n, esto pese a que la actual administraci\u00f3n contrat\u00f3 a 40 polic\u00edas auxiliares para cuidar la zona en esta temporada decembrina.<\/p>\n<p>Anoche se registr\u00f3 un \u00abcristalazo\u00bb a un comerciante, propietario de un restaurante de la zona, quien asegura que hace aproximadamente mes y medio tambi\u00e9n fue victima de otro \u00abcristalazo\u00bb<\/p>\n<p>De la misma forma, se han dado otros casos en donde los comerciantes han sido afectados, por lo que pidieron mayor vigilancia, as\u00ed como aplicar una estrategia y\u00a0 actuar para disminuir estos indices de inseguridad que se est\u00e1 dando en dicha zona del municipio.<\/p>\n<p>&nbsp;<\/p>\n<p>&nbsp;<\/p>\n","protected":false},"excerpt":{"rendered":"<p>*Anoche dieron un \u00abcristalazo\u00bb a un comerciante de la zona Tecom\u00e1n Col.- Los robos a comercios y actos de vandalismo han estado en aumento en la zona centro de Tecom\u00e1n, esto pese a que la actual administraci\u00f3n contrat\u00f3 a 40 polic\u00edas auxiliares para cuidar la zona en esta temporada decembrina. Anoche se registr\u00f3 un \u00abcristalazo\u00bb&#8230;<\/p>\n","protected":false},"author":2,"featured_media":1428,"comment_status":"open","ping_status":"open","sticky":false,"template":"","format":"standard","meta":{"footnotes":""},"categories":[8,34],"tags":[29,30,28],"class_list":["post-1427","post","type-post","status-publish","format-standard","has-post-thumbnail","hentry","category-municipios","category-tecoman","tag-grid","tag-news","tag-slider"],"_links":{"self":[{"href":"http:\/\/elobservatorio.com.mx\/index.php?rest_route=\/wp\/v2\/posts\/1427"}],"collection":[{"href":"http:\/\/elobservatorio.com.mx\/index.php?rest_route=\/wp\/v2\/posts"}],"about":[{"href":"http:\/\/elobservatorio.com.mx\/index.php?rest_route=\/wp\/v2\/types\/post"}],"author":[{"embeddable":true,"href":"http:\/\/elobservatorio.com.mx\/index.php?rest_route=\/wp\/v2\/users\/2"}],"replies":[{"embeddable":true,"href":"http:\/\/elobservatorio.com.mx\/index.php?rest_route=%2Fwp%2Fv2%2Fcomments&post=1427"}],"version-history":[{"count":0,"href":"http:\/\/elobservatorio.com.mx\/index.php?rest_route=\/wp\/v2\/posts\/1427\/revisions"}],"wp:featuredmedia":[{"embeddable":true,"href":"http:\/\/elobservatorio.com.mx\/index.php?rest_route=\/wp\/v2\/media\/1428"}],"wp:attachment":[{"href":"http:\/\/elobservatorio.com.mx\/index.php?rest_route=%2Fwp%2Fv2%2Fmedia&parent=1427"}],"wp:term":[{"taxonomy":"category","embeddable":true,"href":"http:\/\/elobservatorio.com.mx\/index.php?rest_route=%2Fwp%2Fv2%2Fcategories&post=1427"},{"taxonomy":"post_tag","embeddable":true,"href":"http:\/\/elobservatorio.com.mx\/index.php?rest_route=%2Fwp%2Fv2%2Ftags&post=1427"}],"curies":[{"name":"wp","href":"https:\/\/api.w.org\/{rel}","templated":true}]}}