{"id":1435,"date":"2019-01-07T20:40:57","date_gmt":"2019-01-07T20:40:57","guid":{"rendered":"http:\/\/elobservatorio.com.mx\/alcalde-invita-a-la-poblacion-a-aprovechar-los-descuentos-en-agua-potable-y-predial"},"modified":"2019-01-07T20:40:57","modified_gmt":"2019-01-07T20:40:57","slug":"alcalde-invita-a-la-poblacion-a-aprovechar-los-descuentos-en-agua-potable-y-predial","status":"publish","type":"post","link":"http:\/\/elobservatorio.com.mx\/?p=1435","title":{"rendered":"Alcalde invita a la poblaci\u00f3n a aprovechar los descuentos en agua potable y predial"},"content":{"rendered":"<p class=\"x_MsoNormal\">Durante los pr\u00f3ximos 3 meses habr\u00e1 varios tipos de descuentos para el pago del Predial y Agua Potable, en el caso del Predial, en enero ser\u00e1 el 15%, febrero 13% y marzo 11%, mientras que en el Agua Potable, en enero 12%, febrero 10% y marzo 8%.<\/p>\n<p class=\"x_MsoNormal\">De igual forma se est\u00e1 haciendo el 50% de descuento a personas de la tercera edad, presentando su credencial de elector y la credencial del INAPAM.<\/p>\n<p class=\"x_MsoNormal\">Carrasco agradeci\u00f3 a las personas que han cumplido puntualmente desde los primero d\u00edas de este 2019 al cubrir con sus responsabilidades del pago de estos impuestos.<\/p>\n<p class=\"x_MsoNormal\">Para finalizar, el alcalde recalco que estos recursos ser\u00e1n utilizados para el beneficio de todos los ciudadanos y de los servicios p\u00fablicos que este ayuntamiento ofrece al municipiI<\/p>\n","protected":false},"excerpt":{"rendered":"<p>Durante los pr\u00f3ximos 3 meses habr\u00e1 varios tipos de descuentos para el pago del Predial y Agua Potable, en el caso del Predial, en enero ser\u00e1 el 15%, febrero 13% y marzo 11%, mientras que en el Agua Potable, en enero 12%, febrero 10% y marzo 8%. De igual forma se est\u00e1 haciendo el 50%&#8230;<\/p>\n","protected":false},"author":2,"featured_media":1436,"comment_status":"open","ping_status":"open","sticky":false,"template":"","format":"standard","meta":{"footnotes":""},"categories":[39,8],"tags":[29,30,28],"class_list":["post-1435","post","type-post","status-publish","format-standard","has-post-thumbnail","hentry","category-ixtlahuacan","category-municipios","tag-grid","tag-news","tag-slider"],"_links":{"self":[{"href":"http:\/\/elobservatorio.com.mx\/index.php?rest_route=\/wp\/v2\/posts\/1435"}],"collection":[{"href":"http:\/\/elobservatorio.com.mx\/index.php?rest_route=\/wp\/v2\/posts"}],"about":[{"href":"http:\/\/elobservatorio.com.mx\/index.php?rest_route=\/wp\/v2\/types\/post"}],"author":[{"embeddable":true,"href":"http:\/\/elobservatorio.com.mx\/index.php?rest_route=\/wp\/v2\/users\/2"}],"replies":[{"embeddable":true,"href":"http:\/\/elobservatorio.com.mx\/index.php?rest_route=%2Fwp%2Fv2%2Fcomments&post=1435"}],"version-history":[{"count":0,"href":"http:\/\/elobservatorio.com.mx\/index.php?rest_route=\/wp\/v2\/posts\/1435\/revisions"}],"wp:featuredmedia":[{"embeddable":true,"href":"http:\/\/elobservatorio.com.mx\/index.php?rest_route=\/wp\/v2\/media\/1436"}],"wp:attachment":[{"href":"http:\/\/elobservatorio.com.mx\/index.php?rest_route=%2Fwp%2Fv2%2Fmedia&parent=1435"}],"wp:term":[{"taxonomy":"category","embeddable":true,"href":"http:\/\/elobservatorio.com.mx\/index.php?rest_route=%2Fwp%2Fv2%2Fcategories&post=1435"},{"taxonomy":"post_tag","embeddable":true,"href":"http:\/\/elobservatorio.com.mx\/index.php?rest_route=%2Fwp%2Fv2%2Ftags&post=1435"}],"curies":[{"name":"wp","href":"https:\/\/api.w.org\/{rel}","templated":true}]}}