{"id":1438,"date":"2019-01-07T20:47:18","date_gmt":"2019-01-07T20:47:18","guid":{"rendered":"http:\/\/elobservatorio.com.mx\/cerca-de-12-toneladas-arroja-1er-centro-de-acopio-azucena-lopez-legorreta%c2%a0"},"modified":"2019-01-07T20:47:53","modified_gmt":"2019-01-07T20:47:53","slug":"cerca-de-12-toneladas-arroja-1er-centro-de-acopio-azucena-lopez-legorreta%c2%a0","status":"publish","type":"post","link":"http:\/\/elobservatorio.com.mx\/?p=1438","title":{"rendered":"Cerca de 12 toneladas arroja 1er. Centro de Acopio: Azucena L\u00f3pez Legorreta\u00a0"},"content":{"rendered":"<div dir=\"auto\"><em>* Agradecemos la confianza que han puesto en nosotros\u00a0<\/em><\/div>\n<div dir=\"auto\"><\/div>\n<div dir=\"auto\">Azucena L\u00f3pez Legorreta Presidenta del Sistema Municipal DIF Colima, inform\u00f3 que durante el primer acopio realizado los d\u00edas 2, 3 y 4 de enero en beneficio de adultos mayores y familias en situaci\u00f3n de extrema vulnerabilidad, gracias a la participaci\u00f3n de los colimenses, se logr\u00f3 recaudar cerca de 12 toneladas entre ropa, zapatos, juguetes, enseres de cocina, 1 estufa, cobijas, colchones; as\u00ed como algunas televisiones y una base para cama, entre otras cosas.<\/div>\n<div dir=\"auto\"><\/div>\n<div dir=\"auto\">Azucena L\u00f3pez dijo sentirse muy contenta de la respuesta de la gente y reconoci\u00f3 su actitud solidaria al convertirse en aliados de quienes menos tienen.<\/div>\n<div dir=\"auto\"><\/div>\n<div dir=\"auto\">As\u00ed mismo, dio a conocer\u00a0 que este lunes 7, se inicia la entrega en las colonia Patios de Ferrocarril, se continuar\u00e1 con Los Miradores, Gustavo V\u00e1zquez y comunidades como Las Tunas, Tinajas, Estampilla y algunas zonas de Cardona y los Astilleros.<\/div>\n<div dir=\"auto\"><\/div>\n<div dir=\"auto\">\u00abAgradecemos a la ciudadan\u00eda la confianza que ha puesto en nosotros y con todo nuestro cari\u00f1o, seremos el conducto para que cada uno de los productos donados, lleguen a las personas con verdadera necesidad.\u00bb<\/div>\n<div dir=\"auto\"><\/div>\n<div dir=\"auto\">Asimismo, agreg\u00f3 que estos obsequios, contribuir\u00e1n a que las personas que se encuentran en extrema vulnerabilidad, mejoren su calidad de vida, contribuyendo al trabajo que realiza\u00a0 el Presidente Municipal de Colima, Leoncio Mor\u00e1n S\u00e1nchez para recuperar a nuestro municipio.<\/div>\n<div dir=\"auto\"><\/div>\n<div dir=\"auto\">Finalmente tambi\u00e9n reiter\u00f3 su agradecimiento a quienes apoyaron en este acopio como fue el Instituto de las Mujeres para el Municipio de Colima, a J\u00f3venes Aliados, a las Aliadas, personal de confianza y sindicalizados del DIF Colima y al Ayuntamiento de Colima.<\/div>\n","protected":false},"excerpt":{"rendered":"<p>* Agradecemos la confianza que han puesto en nosotros\u00a0 Azucena L\u00f3pez Legorreta Presidenta del Sistema Municipal DIF Colima, inform\u00f3 que durante el primer acopio realizado los d\u00edas 2, 3 y 4 de enero en beneficio de adultos mayores y familias en situaci\u00f3n de extrema vulnerabilidad, gracias a la participaci\u00f3n de los colimenses, se logr\u00f3 recaudar&#8230;<\/p>\n","protected":false},"author":2,"featured_media":1439,"comment_status":"open","ping_status":"open","sticky":false,"template":"","format":"standard","meta":{"footnotes":""},"categories":[36,8],"tags":[29,30,28],"class_list":["post-1438","post","type-post","status-publish","format-standard","has-post-thumbnail","hentry","category-colima","category-municipios","tag-grid","tag-news","tag-slider"],"_links":{"self":[{"href":"http:\/\/elobservatorio.com.mx\/index.php?rest_route=\/wp\/v2\/posts\/1438"}],"collection":[{"href":"http:\/\/elobservatorio.com.mx\/index.php?rest_route=\/wp\/v2\/posts"}],"about":[{"href":"http:\/\/elobservatorio.com.mx\/index.php?rest_route=\/wp\/v2\/types\/post"}],"author":[{"embeddable":true,"href":"http:\/\/elobservatorio.com.mx\/index.php?rest_route=\/wp\/v2\/users\/2"}],"replies":[{"embeddable":true,"href":"http:\/\/elobservatorio.com.mx\/index.php?rest_route=%2Fwp%2Fv2%2Fcomments&post=1438"}],"version-history":[{"count":0,"href":"http:\/\/elobservatorio.com.mx\/index.php?rest_route=\/wp\/v2\/posts\/1438\/revisions"}],"wp:featuredmedia":[{"embeddable":true,"href":"http:\/\/elobservatorio.com.mx\/index.php?rest_route=\/wp\/v2\/media\/1439"}],"wp:attachment":[{"href":"http:\/\/elobservatorio.com.mx\/index.php?rest_route=%2Fwp%2Fv2%2Fmedia&parent=1438"}],"wp:term":[{"taxonomy":"category","embeddable":true,"href":"http:\/\/elobservatorio.com.mx\/index.php?rest_route=%2Fwp%2Fv2%2Fcategories&post=1438"},{"taxonomy":"post_tag","embeddable":true,"href":"http:\/\/elobservatorio.com.mx\/index.php?rest_route=%2Fwp%2Fv2%2Ftags&post=1438"}],"curies":[{"name":"wp","href":"https:\/\/api.w.org\/{rel}","templated":true}]}}