{"id":14394,"date":"2021-01-12T11:33:32","date_gmt":"2021-01-12T17:33:32","guid":{"rendered":"http:\/\/elobservatorio.com.mx\/?p=14394"},"modified":"2021-01-12T11:33:32","modified_gmt":"2021-01-12T17:33:32","slug":"suman-7-mil-958-casos-y-894-defunciones-por-covid-19-en-el-estado","status":"publish","type":"post","link":"http:\/\/elobservatorio.com.mx\/?p=14394","title":{"rendered":"Suman 7 mil 958 casos y 894 defunciones\u00a0por Covid-19 en el Estado\u00a0"},"content":{"rendered":"<p class=\"x_MsoNoSpacing\"><span lang=\"ES\">Las instituciones del Sector Salud en el Estado reportaron que la \u00faltima jornada se registraron 58 nuevos casos y 4 muertes por Covid-19, con lo que la entidad alcanza 7 mil 958 positivos y 894 decesos acumulados por esta causa.<\/span><span lang=\"ES\">\u00a0<\/span><\/p>\n<p class=\"x_MsoNoSpacing\"><span lang=\"ES\">\u00a0<\/span><span lang=\"ES\">La Secretar\u00eda de Salud y Bienestar Social informa que las 4 defunciones de la jornada ocurrieron en 4 hombres de menos de 40 y menos de 65 a\u00f1os de edad, que estaban hospitalizados graves; eran originarios de Colima, Ixtlahuac\u00e1n y Manzanillo, uno de ellos era for\u00e1neo y se atend\u00eda en Villa de \u00c1lvarez.\u00a0<\/span><span lang=\"ES\">\u00a0<\/span><\/p>\n<p class=\"x_MsoNoSpacing\"><span lang=\"ES\">\u00a0<\/span><span lang=\"ES\">Indic\u00f3 que 28 mujeres fueron diagnosticadas como caso positivo al virus de SARS-CoV-2 de menos de 20 y m\u00e1s de 65 a\u00f1os de edad; 24 reciben atenci\u00f3n ambulatoria, una est\u00e1 hospitalizada grave y 3 intubadas. Por residencia, 14 son de Villa de \u00c1lvarez, 9 de Colima, 2 de Comala, una de Cuauht\u00e9moc, una de Ixtlahuac\u00e1n y una de Manzanillo.<\/span><span lang=\"ES\">\u00a0<\/span><\/p>\n<p class=\"x_MsoNoSpacing\"><span lang=\"ES\">\u00a0<\/span><span lang=\"ES\">Asimismo, los hombres diagnosticados positivos fueron 30, de menos de 25 y m\u00e1s de 65 a\u00f1os de edad; 25 reciben atenci\u00f3n ambulatoria, uno est\u00e1 hospitalizado grave y 4 intubados. Por residencia, 16 son de Villa de \u00c1lvarez, 8 de Colima, 4 de Cuauht\u00e9moc, uno de Coquimatl\u00e1n y uno de Manzanillo.<\/span><span lang=\"ES\">\u00a0<\/span><\/p>\n<p class=\"x_MsoNoSpacing\"><span lang=\"ES\">\u00a0<\/span><span lang=\"ES\">En esta jornada se registraron 4 casos for\u00e1neos de 2 hombres y 2 mujeres de menos de 30 y m\u00e1s de 65 a\u00f1os de edad; una recibe atenci\u00f3n ambulatoria, uno est\u00e1 hospitalizado grave y 2 intubados, que ser\u00e1n registrados en su entidad de origen.<\/span><span lang=\"ES\">\u00a0<\/span><\/p>\n<p class=\"x_MsoNoSpacing\"><span lang=\"ES\">\u00a0<\/span><span lang=\"ES\">La Secretar\u00eda de Salud se\u00f1ala que para reducir contagios y cortar cadena de transmisi\u00f3n debe extremarse aseo de manos, barrera con cubrebocas, cuidado de superficies y objetos contaminados, distancia suficiente entre personas y preferir espacios ventilados.<\/span><span lang=\"ES\">\u00a0<\/span><\/p>\n","protected":false},"excerpt":{"rendered":"<p>Las instituciones del Sector Salud en el Estado reportaron que la \u00faltima jornada se registraron 58 nuevos casos y 4 muertes por Covid-19, con lo que la entidad alcanza 7 mil 958 positivos y 894 decesos acumulados por esta causa.\u00a0 \u00a0La Secretar\u00eda de Salud y Bienestar Social informa que las 4 defunciones de la jornada&#8230;<\/p>\n","protected":false},"author":2,"featured_media":14395,"comment_status":"open","ping_status":"open","sticky":false,"template":"","format":"standard","meta":{"footnotes":""},"categories":[9],"tags":[29,30,28],"class_list":["post-14394","post","type-post","status-publish","format-standard","has-post-thumbnail","hentry","category-agro-y-salud","tag-grid","tag-news","tag-slider"],"_links":{"self":[{"href":"http:\/\/elobservatorio.com.mx\/index.php?rest_route=\/wp\/v2\/posts\/14394"}],"collection":[{"href":"http:\/\/elobservatorio.com.mx\/index.php?rest_route=\/wp\/v2\/posts"}],"about":[{"href":"http:\/\/elobservatorio.com.mx\/index.php?rest_route=\/wp\/v2\/types\/post"}],"author":[{"embeddable":true,"href":"http:\/\/elobservatorio.com.mx\/index.php?rest_route=\/wp\/v2\/users\/2"}],"replies":[{"embeddable":true,"href":"http:\/\/elobservatorio.com.mx\/index.php?rest_route=%2Fwp%2Fv2%2Fcomments&post=14394"}],"version-history":[{"count":0,"href":"http:\/\/elobservatorio.com.mx\/index.php?rest_route=\/wp\/v2\/posts\/14394\/revisions"}],"wp:featuredmedia":[{"embeddable":true,"href":"http:\/\/elobservatorio.com.mx\/index.php?rest_route=\/wp\/v2\/media\/14395"}],"wp:attachment":[{"href":"http:\/\/elobservatorio.com.mx\/index.php?rest_route=%2Fwp%2Fv2%2Fmedia&parent=14394"}],"wp:term":[{"taxonomy":"category","embeddable":true,"href":"http:\/\/elobservatorio.com.mx\/index.php?rest_route=%2Fwp%2Fv2%2Fcategories&post=14394"},{"taxonomy":"post_tag","embeddable":true,"href":"http:\/\/elobservatorio.com.mx\/index.php?rest_route=%2Fwp%2Fv2%2Ftags&post=14394"}],"curies":[{"name":"wp","href":"https:\/\/api.w.org\/{rel}","templated":true}]}}