{"id":14401,"date":"2021-01-12T12:22:39","date_gmt":"2021-01-12T18:22:39","guid":{"rendered":"http:\/\/elobservatorio.com.mx\/?p=14401"},"modified":"2021-01-12T12:22:39","modified_gmt":"2021-01-12T18:22:39","slug":"la-dinastia-torres-ortiz","status":"publish","type":"post","link":"http:\/\/elobservatorio.com.mx\/?p=14401","title":{"rendered":"\u201cLa dinast\u00eda Torres Ortiz\u201d"},"content":{"rendered":"<p class=\"x_p1\"><strong><span class=\"x_s1\">PARACA\u00cdDAS\u00a0<\/span><\/strong><\/p>\n<p class=\"x_p1\"><em><span class=\"x_s2\">Rogelio Guedea<\/span><\/em><\/p>\n<p class=\"x_p3\"><span class=\"x_s2\">Hubo un tiempo en que tuve que recurrir de manera frecuente al doctor Christian Torres Ortiz Ocampo por un mal gastrointestinal que me aquejaba. Nuestros encuentros eran, <\/span><span class=\"x_s2\">m\u00e1s que consultas, largas conversaciones sobre una variedad de temas tanto de naturaleza p\u00fablica como personal, privada. En una ocasi\u00f3n, incluso, el doctor Torres Ortiz, viendo el\u00a0<span class=\"x_Apple-converted-space\">\u00a0<\/span>insalvable tiempo que separaba a su generaci\u00f3n de la m\u00eda, me advirti\u00f3 que a la amistad no le importaba la edad, gesto que le agradec\u00ed pues me confirmaba la empat\u00eda que ambos encontr\u00e1bamos al conversar. <\/span><\/p>\n<p class=\"x_p3\"><span class=\"x_s2\">Un aspecto me salt\u00f3 siempre durante nuestras conversaciones, y era que el doctor Torres Ortiz no dejaba de encontrar el momento para aludir alguna an\u00e9cdota sobre su padre, el coronel Pedro Torres Ortiz, por quien se le notaba que profesaba un genuino amor y admiraci\u00f3n. Como eran conversaciones privadas, no reproduzco aqu\u00ed ni aquellas evocaciones\u00a0<span class=\"x_Apple-converted-space\">\u00a0<\/span>m\u00e1s \u00edntimas sobre su progenitor, pero s\u00ed destaco que de la misma forma en que se conmovi\u00f3 ayer en la presentaci\u00f3n que hizo sobre el libro dedicado a su padre: \u201cPedro Torres Ortiz, vida y obra\u201d, de Jorge Rosales, as\u00ed tambi\u00e9n se conmov\u00eda casi hasta las l\u00e1grimas cuando me contaba sus an\u00e9cdotas. <\/span><\/p>\n<p class=\"x_p3\"><span class=\"x_s2\">Me ha dado gusto no s\u00f3lo que se haya hecho un libro sobre el fundador de nuestra m\u00e1xima casa de estudios, adem\u00e1s de gobernador del Estado, sino que en ese acto hubieran estado presentes tres generaciones, toda una dinast\u00eda, de los Torres Ortiz, cada uno de los cuales representando un papel de suma trascendencia para nuestra entidad, pues as\u00ed como el doctor Torres Ortiz hizo, al igual que su padre don Pedro, cosas trascendentes durante su paso tanto por la instituci\u00f3n universitaria como por la administraci\u00f3n p\u00fablica, sobre todo durante su periodo como secretario de Salud, as\u00ed tambi\u00e9n ahora su hijo, Christian, fungir\u00e1 muy pronto como rector de la universidad que su abuelo Pedro fund\u00f3. <\/span><\/p>\n<p class=\"x_p3\"><span class=\"x_s2\">M\u00e1s all\u00e1 de la recuperaci\u00f3n de una memoria hist\u00f3rica y pol\u00edtica recogida en la vida y obra de este ilustre colimense y puesta en evidencia en el libro de Jorge Rosales, est\u00e1 el hecho de que parece que con la llegada del todav\u00eda rector electo Christian Torres Ortiz se cierra un ciclo en una dinast\u00eda que, parad\u00f3jicamente, empieza una nueva etapa para el destino que tendr\u00e1 que seguir nuestra universidad en tiempos en los que, si bien no son los mismos de antes, a su manera representan similares complejidades, pues,<\/span><\/p>\n<p class=\"x_p3\"><span class=\"x_s2\">como lo dijo S\u00e9neca, la vida es esencialmente milicia, esto es una lucha constante. Aunque me habr\u00eda gustado que el nieto Christian dijera unas palabras sobre su abuelo Pedro y junto a su padre Christian en la presentaci\u00f3n, no por eso (ni por ninguna otra raz\u00f3n) \u00e9sta dej\u00f3 de ser muy emotiva, tanto como la forma en que la voz, en ciertos momentos, del doctor Torres Ortiz se estrujaba\u00a0<span class=\"x_Apple-converted-space\">\u00a0<\/span>cuando ingresaba en los profundos pasadizos de la memoria que todav\u00eda preservaba v\u00edvida de su padre. <\/span><\/p>\n<p class=\"x_p3\"><span class=\"x_s2\">Me gustaron, finalmente, las palabras con las que el rector Hern\u00e1ndez Nava cerr\u00f3 el evento, una impl\u00edcita invitaci\u00f3n a defender a nuestra universidad de todos aquellos que sistem\u00e1tica y perniciosamente la han atacado y la quieren seguir atacando, llevados por un inter\u00e9s personal y pensando muy poco en que la universidad es m\u00e1s que una sola persona o un grupo formado por unos cuantos. La universidad siempre ser\u00e1 m\u00e1s que eso. <\/span><\/p>\n<p class=\"x_p3\"><span class=\"x_s2\">El libro fue publicado por la direcci\u00f3n de publicaciones de nuestra m\u00e1xima casa de estudios y est\u00e1 disponible para su descarga en la p\u00e1gina web de esta dependencia, para aquellos que quieran conocer los momentos decisivos que dieron origen a nuestra querida instituci\u00f3n.<\/span><\/p>\n","protected":false},"excerpt":{"rendered":"<p>PARACA\u00cdDAS\u00a0 Rogelio Guedea Hubo un tiempo en que tuve que recurrir de manera frecuente al doctor Christian Torres Ortiz Ocampo por un mal gastrointestinal que me aquejaba. Nuestros encuentros eran, m\u00e1s que consultas, largas conversaciones sobre una variedad de temas tanto de naturaleza p\u00fablica como personal, privada. En una ocasi\u00f3n, incluso, el doctor Torres Ortiz,&#8230;<\/p>\n","protected":false},"author":2,"featured_media":1053,"comment_status":"open","ping_status":"open","sticky":false,"template":"","format":"standard","meta":{"footnotes":""},"categories":[11],"tags":[29,30,28],"class_list":["post-14401","post","type-post","status-publish","format-standard","has-post-thumbnail","hentry","category-opinion","tag-grid","tag-news","tag-slider"],"_links":{"self":[{"href":"http:\/\/elobservatorio.com.mx\/index.php?rest_route=\/wp\/v2\/posts\/14401"}],"collection":[{"href":"http:\/\/elobservatorio.com.mx\/index.php?rest_route=\/wp\/v2\/posts"}],"about":[{"href":"http:\/\/elobservatorio.com.mx\/index.php?rest_route=\/wp\/v2\/types\/post"}],"author":[{"embeddable":true,"href":"http:\/\/elobservatorio.com.mx\/index.php?rest_route=\/wp\/v2\/users\/2"}],"replies":[{"embeddable":true,"href":"http:\/\/elobservatorio.com.mx\/index.php?rest_route=%2Fwp%2Fv2%2Fcomments&post=14401"}],"version-history":[{"count":0,"href":"http:\/\/elobservatorio.com.mx\/index.php?rest_route=\/wp\/v2\/posts\/14401\/revisions"}],"wp:featuredmedia":[{"embeddable":true,"href":"http:\/\/elobservatorio.com.mx\/index.php?rest_route=\/wp\/v2\/media\/1053"}],"wp:attachment":[{"href":"http:\/\/elobservatorio.com.mx\/index.php?rest_route=%2Fwp%2Fv2%2Fmedia&parent=14401"}],"wp:term":[{"taxonomy":"category","embeddable":true,"href":"http:\/\/elobservatorio.com.mx\/index.php?rest_route=%2Fwp%2Fv2%2Fcategories&post=14401"},{"taxonomy":"post_tag","embeddable":true,"href":"http:\/\/elobservatorio.com.mx\/index.php?rest_route=%2Fwp%2Fv2%2Ftags&post=14401"}],"curies":[{"name":"wp","href":"https:\/\/api.w.org\/{rel}","templated":true}]}}