{"id":14409,"date":"2021-01-13T12:46:53","date_gmt":"2021-01-13T18:46:53","guid":{"rendered":"http:\/\/elobservatorio.com.mx\/?p=14409"},"modified":"2021-01-13T12:46:53","modified_gmt":"2021-01-13T18:46:53","slug":"suman-8-mil-7-casos-y-896-defunciones-por-covid-19-en-el-estado","status":"publish","type":"post","link":"http:\/\/elobservatorio.com.mx\/?p=14409","title":{"rendered":"Suman 8 mil 7 casos y 896 defunciones\u00a0por Covid-19 en el Estado\u00a0"},"content":{"rendered":"<p class=\"x_MsoNoSpacing\"><span lang=\"ES\">Las instituciones del Sector Salud en el Estado reportaron que en la \u00faltima jornada se registraron 49 nuevos casos y 2 muertes por Covid-19, con lo que la entidad alcanza 8 mil 7 positivos y 896 decesos acumulados por esta causa.<\/span><span lang=\"ES\">\u00a0<\/span><\/p>\n<p class=\"x_MsoNoSpacing\"><span lang=\"ES\">\u00a0<\/span><span lang=\"ES\">La Secretar\u00eda de Salud y Bienestar Social informa que las 2 defunciones de la jornada ocurrieron en 2 hombres mayores de 65 a\u00f1os de edad, uno estaba hospitalizado grave y otro intubado; uno originario de Villa de \u00c1lvarez y el otro for\u00e1neo que se atend\u00eda en Manzanillo.\u00a0<\/span><span lang=\"ES\">\u00a0<\/span><\/p>\n<p class=\"x_MsoNoSpacing\"><span lang=\"ES\">La dependencia se\u00f1ala que 29 mujeres fueron diagnosticadas como caso positivo al virus de SARS-CoV-2 de menos de 1 y m\u00e1s de 65 a\u00f1os de edad; 22 reciben atenci\u00f3n ambulatoria, 4 est\u00e1n hospitalizadas graves y 3 intubadas. Por residencia, 12 son de Villa de \u00c1lvarez, 6 de Colima, 5 de Manzanillo, 2 de Cuauht\u00e9moc, una de Armer\u00eda, una de Comala, una de Ixtlahuac\u00e1n y una de Tecom\u00e1n.<\/span><span lang=\"ES\">\u00a0<\/span><\/p>\n<p class=\"x_MsoNoSpacing\"><span lang=\"ES\">Asimismo, los hombres diagnosticados positivos fueron 20, de menos de 25 y m\u00e1s de 65 a\u00f1os de edad; 14 reciben atenci\u00f3n ambulatoria, 3 est\u00e1n hospitalizados graves y 3 intubados. Por residencia, 9 son de Villa de \u00c1lvarez, 6 de Colima, 2 de Tecom\u00e1n, uno de Armer\u00eda, uno de Cuauht\u00e9moc y uno de Manzanillo.<\/span><span lang=\"ES\">\u00a0<\/span><\/p>\n<p class=\"x_MsoNoSpacing\"><span lang=\"ES\">\u00a0<\/span><span lang=\"ES\">En esta jornada se registr\u00f3 un caso for\u00e1neo de un hombre mayor de 65 a\u00f1os de edad, que est\u00e1 hospitalizado grave y ser\u00e1 registrado en su entidad de origen.<\/span><span lang=\"ES\">\u00a0<\/span><\/p>\n<p class=\"x_MsoNoSpacing\"><span lang=\"ES\">\u00a0<\/span><span lang=\"ES\">La Secretar\u00eda de Salud se\u00f1ala que para reducir contagios y cortar la cadena de transmisi\u00f3n debe extremarse aseo de manos, barrera con cubrebocas, cuidado de superficies y objetos contaminados, distancia suficiente entre personas y preferir espacios ventilados.<\/span><span lang=\"ES\">\u00a0<\/span><\/p>\n","protected":false},"excerpt":{"rendered":"<p>Las instituciones del Sector Salud en el Estado reportaron que en la \u00faltima jornada se registraron 49 nuevos casos y 2 muertes por Covid-19, con lo que la entidad alcanza 8 mil 7 positivos y 896 decesos acumulados por esta causa.\u00a0 \u00a0La Secretar\u00eda de Salud y Bienestar Social informa que las 2 defunciones de la&#8230;<\/p>\n","protected":false},"author":2,"featured_media":14410,"comment_status":"open","ping_status":"open","sticky":false,"template":"","format":"standard","meta":{"footnotes":""},"categories":[9],"tags":[29,30,28],"class_list":["post-14409","post","type-post","status-publish","format-standard","has-post-thumbnail","hentry","category-agro-y-salud","tag-grid","tag-news","tag-slider"],"_links":{"self":[{"href":"http:\/\/elobservatorio.com.mx\/index.php?rest_route=\/wp\/v2\/posts\/14409"}],"collection":[{"href":"http:\/\/elobservatorio.com.mx\/index.php?rest_route=\/wp\/v2\/posts"}],"about":[{"href":"http:\/\/elobservatorio.com.mx\/index.php?rest_route=\/wp\/v2\/types\/post"}],"author":[{"embeddable":true,"href":"http:\/\/elobservatorio.com.mx\/index.php?rest_route=\/wp\/v2\/users\/2"}],"replies":[{"embeddable":true,"href":"http:\/\/elobservatorio.com.mx\/index.php?rest_route=%2Fwp%2Fv2%2Fcomments&post=14409"}],"version-history":[{"count":0,"href":"http:\/\/elobservatorio.com.mx\/index.php?rest_route=\/wp\/v2\/posts\/14409\/revisions"}],"wp:featuredmedia":[{"embeddable":true,"href":"http:\/\/elobservatorio.com.mx\/index.php?rest_route=\/wp\/v2\/media\/14410"}],"wp:attachment":[{"href":"http:\/\/elobservatorio.com.mx\/index.php?rest_route=%2Fwp%2Fv2%2Fmedia&parent=14409"}],"wp:term":[{"taxonomy":"category","embeddable":true,"href":"http:\/\/elobservatorio.com.mx\/index.php?rest_route=%2Fwp%2Fv2%2Fcategories&post=14409"},{"taxonomy":"post_tag","embeddable":true,"href":"http:\/\/elobservatorio.com.mx\/index.php?rest_route=%2Fwp%2Fv2%2Ftags&post=14409"}],"curies":[{"name":"wp","href":"https:\/\/api.w.org\/{rel}","templated":true}]}}