{"id":1445,"date":"2019-01-07T21:07:33","date_gmt":"2019-01-07T21:07:33","guid":{"rendered":"http:\/\/elobservatorio.com.mx\/sigue-abierta-al-publico-la-exposicion-%e2%80%9cde-granito-y-mar%e2%80%9d-en-la-pinacoteca"},"modified":"2019-01-07T21:07:33","modified_gmt":"2019-01-07T21:07:33","slug":"sigue-abierta-al-publico-la-exposicion-%e2%80%9cde-granito-y-mar%e2%80%9d-en-la-pinacoteca","status":"publish","type":"post","link":"http:\/\/elobservatorio.com.mx\/?p=1445","title":{"rendered":"Sigue abierta al p\u00fablico la exposici\u00f3n \u201cDe granito y mar\u201d, en la Pinacoteca"},"content":{"rendered":"<p><em>*\u201cLa distribuci\u00f3n de obras se inicia por las versiones m\u00e1s cl\u00e1sicas del paisaje, comenzando por los volcanes, y la segunda secci\u00f3n est\u00e1 dedicada a las marinas (el mar): Tita Ochoa, curadora.<\/em><\/p>\n<p>Desde el 29 de noviembre del a\u00f1o pasado y hasta finales de este mes de febrero, estar\u00e1 abierta al p\u00fablico en la Pinacoteca Universitaria la exposici\u00f3n \u201cDe granito y mar. Colecci\u00f3n particular\u201d, que re\u00fane cerca de 30 piezas dedicadas al paisaje colimense, que principalmente ilustran los volcanes y ambientes marinos.<\/p>\n<p>En entrevista, Tita Ochoa Rivera, curadora de la Direcci\u00f3n General de Patrimonio Cultural de la Universidad de Colima, comparti\u00f3 que \u201cla distribuci\u00f3n de obras se inicia por las versiones m\u00e1s cl\u00e1sicas del paisaje volc\u00e1nico con autores como Senorina Merced Zamora y Vicente S\u00e1nchez Mu\u00f1oz e interpretaciones m\u00e1s modernas y contempor\u00e1neas de los colosos a cargo de Javier Fern\u00e1ndez y Juan Soriano\u201d.<\/p>\n<p>La segunda secci\u00f3n, dijo, \u201cest\u00e1 dedicada al mar con las obras de Enrique y Alejandro del Castillo, cuya pintura es m\u00e1s l\u00edrica; podemos ver el manejo de la luz y los espacios; se detallan los arrecifes, pe\u00f1ascos, el rompimiento de la ola o su desplazamiento\u201d.<\/p>\n<p>Y es que, a\u00f1adi\u00f3, a diferencia de las obras de volcanes, \u201cdonde podemos identificar desde qu\u00e9 perspectiva est\u00e1n ilustrados, las marinas tienen un sentimiento de evocaci\u00f3n. Por ejemplo, los cuadros de Enrique y Alejandro (padre e hijo), originarios de Manzanillo, tienen\u00a0 una perspectiva m\u00e1s amplia de lo que ellos consideraban el mar, es m\u00e1s personal, es m\u00e1s el recuerdo de lugar\u201d.<\/p>\n<p>\u201cIncluso don Enrique del Castillo, que vivi\u00f3 mucho tiempo en la Ciudad de M\u00e9xico, al final de su vida pintaba mucho, pero ya casi no ve\u00eda, entonces lo hac\u00eda desde sus recuerdos desde la a\u00f1oranza del paisaje que conoci\u00f3 y vivi\u00f3\u201d, concluy\u00f3 Tita Ochoa.<\/p>\n<p>Este proyecto busca tambi\u00e9n que las obras que pertenecen a coleccionistas y espacios privados lleguen a un p\u00fablico m\u00e1s amplio a trav\u00e9s de su exhibici\u00f3n en las salas de un museo.<\/p>\n<p>Los interesados en visitas guiadas pueden llamar al 314 33 06<\/p>\n","protected":false},"excerpt":{"rendered":"<p>*\u201cLa distribuci\u00f3n de obras se inicia por las versiones m\u00e1s cl\u00e1sicas del paisaje, comenzando por los volcanes, y la segunda secci\u00f3n est\u00e1 dedicada a las marinas (el mar): Tita Ochoa, curadora. Desde el 29 de noviembre del a\u00f1o pasado y hasta finales de este mes de febrero, estar\u00e1 abierta al p\u00fablico en la Pinacoteca Universitaria&#8230;<\/p>\n","protected":false},"author":2,"featured_media":1447,"comment_status":"open","ping_status":"open","sticky":false,"template":"","format":"standard","meta":{"footnotes":""},"categories":[14],"tags":[29,30,28],"class_list":["post-1445","post","type-post","status-publish","format-standard","has-post-thumbnail","hentry","category-educacion-y-cultura","tag-grid","tag-news","tag-slider"],"_links":{"self":[{"href":"http:\/\/elobservatorio.com.mx\/index.php?rest_route=\/wp\/v2\/posts\/1445"}],"collection":[{"href":"http:\/\/elobservatorio.com.mx\/index.php?rest_route=\/wp\/v2\/posts"}],"about":[{"href":"http:\/\/elobservatorio.com.mx\/index.php?rest_route=\/wp\/v2\/types\/post"}],"author":[{"embeddable":true,"href":"http:\/\/elobservatorio.com.mx\/index.php?rest_route=\/wp\/v2\/users\/2"}],"replies":[{"embeddable":true,"href":"http:\/\/elobservatorio.com.mx\/index.php?rest_route=%2Fwp%2Fv2%2Fcomments&post=1445"}],"version-history":[{"count":0,"href":"http:\/\/elobservatorio.com.mx\/index.php?rest_route=\/wp\/v2\/posts\/1445\/revisions"}],"wp:featuredmedia":[{"embeddable":true,"href":"http:\/\/elobservatorio.com.mx\/index.php?rest_route=\/wp\/v2\/media\/1447"}],"wp:attachment":[{"href":"http:\/\/elobservatorio.com.mx\/index.php?rest_route=%2Fwp%2Fv2%2Fmedia&parent=1445"}],"wp:term":[{"taxonomy":"category","embeddable":true,"href":"http:\/\/elobservatorio.com.mx\/index.php?rest_route=%2Fwp%2Fv2%2Fcategories&post=1445"},{"taxonomy":"post_tag","embeddable":true,"href":"http:\/\/elobservatorio.com.mx\/index.php?rest_route=%2Fwp%2Fv2%2Ftags&post=1445"}],"curies":[{"name":"wp","href":"https:\/\/api.w.org\/{rel}","templated":true}]}}