{"id":14529,"date":"2021-01-21T11:24:48","date_gmt":"2021-01-21T17:24:48","guid":{"rendered":"http:\/\/elobservatorio.com.mx\/?p=14529"},"modified":"2021-01-21T11:24:48","modified_gmt":"2021-01-21T17:24:48","slug":"registra-colima-33-casos-nuevos-por-covid-19-en-ultima-jornada","status":"publish","type":"post","link":"http:\/\/elobservatorio.com.mx\/?p=14529","title":{"rendered":"Registra Colima 33 casos nuevos por Covid-19 en \u00faltima jornada"},"content":{"rendered":"<p class=\"x_MsoNormal\">Las instituciones del Sector Salud reportan que en la \u00faltima jornada, se registraron 33 nuevos casos y 6 muertes por Covid-19, con lo que la entidad alcanza 8 mil 273 positivos y 927 decesos acumulados por esta causa.<\/p>\n<p class=\"x_MsoNormal\">La Secretar\u00eda de Salud y Bienestar Social informa que las 6 defunciones de la jornada ocurrieron en 3 hombres y 3 mujeres, entre los 55 y m\u00e1s de 65 a\u00f1os de edad, 2 estaban hospitalizados graves y 4 intubados; eran originarios de Armer\u00eda, Colima, Tecom\u00e1n y Villa de \u00c1lvarez.<\/p>\n<p class=\"x_MsoNormal\">Adem\u00e1s se informa que 15 mujeres fueron diagnosticadas como positivas al virus de SARS-CoV-2, entre los 30 y m\u00e1s de 65 a\u00f1os de edad; 12 reciben atenci\u00f3n ambulatoria y 3 est\u00e1n hospitalizadas graves. Por residencia, 8 de Colima, 5 de Villa de \u00c1lvarez, una de Manzanillo y una de Tecom\u00e1n.<\/p>\n<p class=\"x_MsoNormal\">Asimismo, los hombres diagnosticados positivos fueron 18, con edades de menos 30 y m\u00e1s de 65 a\u00f1os; 12 reciben atenci\u00f3n ambulatoria y 6 est\u00e1n hospitalizados, de los cuales, 4 graves, uno no grave y uno intubado. Por residencia, 10 son de Villa de \u00c1lvarez, 6 de Colima, uno de Comala y uno de Tecom\u00e1n.<\/p>\n<p class=\"x_MsoNormal\">En esta jornada se registraron 2 casos for\u00e1neos de un hombre y una mujer de m\u00e1s de 65 a\u00f1os de edad, ambos hospitalizados graves, quienes ser\u00e1n registrados en su entidad de origen.<\/p>\n<p class=\"x_MsoNormal\">La Secretar\u00eda de Salud se\u00f1ala que para reducir contagios y cortar cadena de transmisi\u00f3n debe extremarse aseo de manos, barrera con cubrebocas, cuidado de superficies y objetos contaminados, distancia suficiente entre personas y preferir espacios ventilados.<\/p>\n<p class=\"x_MsoNormal\">\n","protected":false},"excerpt":{"rendered":"<p>Las instituciones del Sector Salud reportan que en la \u00faltima jornada, se registraron 33 nuevos casos y 6 muertes por Covid-19, con lo que la entidad alcanza 8 mil 273 positivos y 927 decesos acumulados por esta causa. La Secretar\u00eda de Salud y Bienestar Social informa que las 6 defunciones de la jornada ocurrieron en&#8230;<\/p>\n","protected":false},"author":2,"featured_media":14530,"comment_status":"open","ping_status":"open","sticky":false,"template":"","format":"standard","meta":{"footnotes":""},"categories":[9],"tags":[29,30,28],"class_list":["post-14529","post","type-post","status-publish","format-standard","has-post-thumbnail","hentry","category-agro-y-salud","tag-grid","tag-news","tag-slider"],"_links":{"self":[{"href":"http:\/\/elobservatorio.com.mx\/index.php?rest_route=\/wp\/v2\/posts\/14529"}],"collection":[{"href":"http:\/\/elobservatorio.com.mx\/index.php?rest_route=\/wp\/v2\/posts"}],"about":[{"href":"http:\/\/elobservatorio.com.mx\/index.php?rest_route=\/wp\/v2\/types\/post"}],"author":[{"embeddable":true,"href":"http:\/\/elobservatorio.com.mx\/index.php?rest_route=\/wp\/v2\/users\/2"}],"replies":[{"embeddable":true,"href":"http:\/\/elobservatorio.com.mx\/index.php?rest_route=%2Fwp%2Fv2%2Fcomments&post=14529"}],"version-history":[{"count":0,"href":"http:\/\/elobservatorio.com.mx\/index.php?rest_route=\/wp\/v2\/posts\/14529\/revisions"}],"wp:featuredmedia":[{"embeddable":true,"href":"http:\/\/elobservatorio.com.mx\/index.php?rest_route=\/wp\/v2\/media\/14530"}],"wp:attachment":[{"href":"http:\/\/elobservatorio.com.mx\/index.php?rest_route=%2Fwp%2Fv2%2Fmedia&parent=14529"}],"wp:term":[{"taxonomy":"category","embeddable":true,"href":"http:\/\/elobservatorio.com.mx\/index.php?rest_route=%2Fwp%2Fv2%2Fcategories&post=14529"},{"taxonomy":"post_tag","embeddable":true,"href":"http:\/\/elobservatorio.com.mx\/index.php?rest_route=%2Fwp%2Fv2%2Ftags&post=14529"}],"curies":[{"name":"wp","href":"https:\/\/api.w.org\/{rel}","templated":true}]}}