{"id":14630,"date":"2021-01-26T15:12:37","date_gmt":"2021-01-26T21:12:37","guid":{"rendered":"http:\/\/elobservatorio.com.mx\/?p=14630"},"modified":"2021-01-26T15:13:33","modified_gmt":"2021-01-26T21:13:33","slug":"facebook-instagram-y-twitter-seguiran-siendo-las-redes-sociales-mas-activas-durante-lo-que-resta-de-la-pandemia","status":"publish","type":"post","link":"http:\/\/elobservatorio.com.mx\/?p=14630","title":{"rendered":"Facebook, Instagram y Twitter seguir\u00e1n siendo las redes sociales m\u00e1s activas lo que resta de la pandemia"},"content":{"rendered":"<p><em>*La digitalizaci\u00f3n seguir\u00e1 siendo una tendencia en este 2021 obligada tanto en la compra de productos como en el de los servicios mediante el comercio electr\u00f3nico<\/em><\/p>\n<p><em>*Otra herramienta que seguir\u00e1 vigente ser\u00e1n las stories plataformas como Linkedln, Spotify<\/em><\/p>\n<p class=\"x_MsoNormal\"><b>M\u00e9xico, 26 de enero 2021<\/b>.- Facebook, Instagram y Twitter seguir\u00e1n siendo las redes sociales m\u00e1s activas con sus capacidades y recursos para adaptarse a las nuevas tendencias y h\u00e1bitos de los usuarios durante la pandemia de COVID-19 que seguir\u00e1 este a\u00f1o, dijo Jaime Bravo, director de Marketingmundial.com<\/p>\n<p class=\"x_MsoNormal\">\u201cLa digitalizaci\u00f3n seguir\u00e1 siendo una tendencia obligada tanto en la compra de productos como en el de los servicios mediante el comercio electr\u00f3nico\u201d, se\u00f1al\u00f3 el experto en marketing digital.<\/p>\n<p class=\"x_MsoNormal\">\u201cA pesar del gran crecimiento de Tik Tok todav\u00eda le falta mucho camino para poder superar a las redes sociales m\u00e1s populares, pero este a\u00f1o se incrementar\u00e1n los seguidores\u201d, dijo Bravo Rodr\u00edguez.<\/p>\n<p class=\"x_MsoNormal\">A\u00f1adi\u00f3 que los videos seguir\u00e1n siendo los grandes protagonistas este 2021 para el\u00a0<i>engagement\u00a0<\/i>con la audiencia, principalmente de corta duraci\u00f3n para dar a conocer la marca y la labor que realizan de una forma r\u00e1pida y din\u00e1mica.<\/p>\n<p class=\"x_MsoNormal\">\u201cEs importante considerar que las nuevas generaciones de seguidores exigen a las marcas que est\u00e9n comprometidas socialmente con causas como salud mental, inclusi\u00f3n, alimentaci\u00f3n saludable, cambio clim\u00e1tico para estar m\u00e1s implicados en mejorar el planeta y la vida de las personas\u201d, dijo el experto en redes sociales.<\/p>\n<p class=\"x_MsoNormal\"><a id=\"LPlnk292489\" name=\"x_m_3819854993007344575__Hlk62561577\"><\/a>Otra herramienta que seguir\u00e1 vigente ser\u00e1n las stories plataformas como Likedln, Spotify, Twitter<\/p>\n<p class=\"x_MsoNormal\">Finalmente, Jaime Bravo dijo que las marcas deber\u00e1n optar por eventos online como webinars para poder posicionar su contenido, para ello es importante seguirse capacitando en las nuevas tendencias digitales con expertos que ayuden a lograr las estrategias m\u00e1s exitosas.<\/p>\n","protected":false},"excerpt":{"rendered":"<p>*La digitalizaci\u00f3n seguir\u00e1 siendo una tendencia en este 2021 obligada tanto en la compra de productos como en el de los servicios mediante el comercio electr\u00f3nico *Otra herramienta que seguir\u00e1 vigente ser\u00e1n las stories plataformas como Linkedln, Spotify M\u00e9xico, 26 de enero 2021.- Facebook, Instagram y Twitter seguir\u00e1n siendo las redes sociales m\u00e1s activas con&#8230;<\/p>\n","protected":false},"author":2,"featured_media":14631,"comment_status":"open","ping_status":"open","sticky":false,"template":"","format":"standard","meta":{"footnotes":""},"categories":[31],"tags":[29,30,28],"class_list":["post-14630","post","type-post","status-publish","format-standard","has-post-thumbnail","hentry","category-ciencia-y-tecnologia","tag-grid","tag-news","tag-slider"],"_links":{"self":[{"href":"http:\/\/elobservatorio.com.mx\/index.php?rest_route=\/wp\/v2\/posts\/14630"}],"collection":[{"href":"http:\/\/elobservatorio.com.mx\/index.php?rest_route=\/wp\/v2\/posts"}],"about":[{"href":"http:\/\/elobservatorio.com.mx\/index.php?rest_route=\/wp\/v2\/types\/post"}],"author":[{"embeddable":true,"href":"http:\/\/elobservatorio.com.mx\/index.php?rest_route=\/wp\/v2\/users\/2"}],"replies":[{"embeddable":true,"href":"http:\/\/elobservatorio.com.mx\/index.php?rest_route=%2Fwp%2Fv2%2Fcomments&post=14630"}],"version-history":[{"count":0,"href":"http:\/\/elobservatorio.com.mx\/index.php?rest_route=\/wp\/v2\/posts\/14630\/revisions"}],"wp:featuredmedia":[{"embeddable":true,"href":"http:\/\/elobservatorio.com.mx\/index.php?rest_route=\/wp\/v2\/media\/14631"}],"wp:attachment":[{"href":"http:\/\/elobservatorio.com.mx\/index.php?rest_route=%2Fwp%2Fv2%2Fmedia&parent=14630"}],"wp:term":[{"taxonomy":"category","embeddable":true,"href":"http:\/\/elobservatorio.com.mx\/index.php?rest_route=%2Fwp%2Fv2%2Fcategories&post=14630"},{"taxonomy":"post_tag","embeddable":true,"href":"http:\/\/elobservatorio.com.mx\/index.php?rest_route=%2Fwp%2Fv2%2Ftags&post=14630"}],"curies":[{"name":"wp","href":"https:\/\/api.w.org\/{rel}","templated":true}]}}